{"id":3383,"date":"2021-01-01T21:16:27","date_gmt":"2021-01-01T20:16:27","guid":{"rendered":"https:\/\/voranews.al\/?p=3383"},"modified":"2021-01-01T21:16:33","modified_gmt":"2021-01-01T20:16:33","slug":"rudina-dembacaj-nderron-mbiemer-martohet-ne-bashkine-e-veliajt-me-mark-frrokun","status":"publish","type":"post","link":"https:\/\/voranews.al\/?p=3383","title":{"rendered":"Rudina Dembacaj nd\u00ebrron mbiem\u00ebr, martohet n\u00eb bashkin\u00eb e Veliajt me Mark Frrokun"},"content":{"rendered":"\n<p>Aktorja Rudina Dembacaj dhe politikani Mark Frroku tashm\u00eb jan\u00eb martuar. Sot, aktorja ka surprizuar publikon, me disa foto t\u00eb shkrepura n\u00eb ambientet e Bashkis\u00eb s\u00eb Tiran\u00ebs.<\/p>\n\n\n\n<p>\u00c7ifti i bashk\u00ebshort\u00ebve nuk ka b\u00ebr\u00eb akoma nj\u00eb ceremoni martesore, por kan\u00eb b\u00ebr\u00eb celebrim, n\u00eb shoq\u00ebrin\u00eb e pak personave.<\/p>\n\n\n\n<p>Moderatorja e famshme thot\u00eb se do ta b\u00ebj\u00eb edhe dasm\u00ebn s\u00eb shpejti, si dhe do t\u00eb mbaj\u00eb mbiemrin Frroku.<\/p>\n\n\n\n<p>\u201cMarku dhe un\u00eb me besimin se dashuria \u00ebsht\u00eb bekim, vendos\u00ebm edhe ta zyrtarizonim lidhjen ton\u00eb. G\u00ebzuar me nj\u00eb vit mbar\u00eb plot lumturi nga familja jon\u00eb! Rud&amp;Mark (Shihemi n\u00eb das\u00ebm)\u201d- ka shkruar Rudina krah fotove q\u00eb gjeni n\u00eb galeri.<\/p>\n\n\n\n<p>N\u00eb fillim t\u00eb 2020, Dembacaj konfirmoi lidhjen me Frrokun, duke postuar p\u00ebr her\u00eb t\u00eb par\u00eb n\u00eb rrjete sociale nj\u00eb foto bashk\u00eb me t\u00eb.<\/p>\n\n\n\n<p>N\u00eb rr\u00ebfimin e par\u00eb p\u00ebr lidhjen me Markun, aktorja tregoi se kjo marr\u00ebdh\u00ebnie nisi pas ndarjes s\u00eb saj nga ish-bashk\u00ebshorti, Aleksi.<\/p>\n\n\n\n<p>Me k\u00ebt\u00eb fundit ajo ka treguar se ruan raporte shum\u00eb t\u00eb mira, duke u b\u00ebr\u00eb model p\u00ebr t\u00eb gjith\u00eb prind\u00ebrit e divorcuar.<\/p>\n\n\n\n<p>Dembacaj mori n\u00eb shtator propozimin p\u00ebr martes\u00eb nga Mark Frroku, duke i th\u00ebn\u00eb \u201cPo\u201d p\u00ebrgjithmon\u00eb. Propozimi ka ardhur si nj\u00eb surpriz\u00eb e v\u00ebrtet\u00eb p\u00ebr Rudin\u00ebn, pasi Marku kishte p\u00ebrgatitur gjith\u00e7ka n\u00eb detaje.<\/p>\n\n\n\n<p>Aktorja ka zbuluar se ai i ka propozuar n\u00eb nj\u00eb nga vendet m\u00eb t\u00eb bukura t\u00eb Turqis\u00eb, Cappadocia, dhe momentin m\u00eb t\u00eb bukur t\u00eb jet\u00ebs e kan\u00eb fiksuar p\u00ebrmes disa fotografive.<\/p>\n","protected":false},"excerpt":{"rendered":"<p>Aktorja Rudina Dembacaj dhe politikani Mark Frroku tashm\u00eb jan\u00eb martuar. Sot, aktorja ka surprizuar publikon, me disa foto t\u00eb shkrepura n\u00eb ambientet e Bashkis\u00eb s\u00eb Tiran\u00ebs. \u00c7ifti i bashk\u00ebshort\u00ebve nuk ka b\u00ebr\u00eb akoma nj\u00eb ceremoni martesore, por kan\u00eb b\u00ebr\u00eb celebrim, n\u00eb shoq\u00ebrin\u00eb e pak personave. Moderatorja e famshme thot\u00eb se do ta b\u00ebj\u00eb edhe dasm\u00ebn &hellip;<\/p>\n","protected":false},"author":1,"featured_media":3384,"comment_status":"closed","ping_status":"closed","sticky":true,"template":"","format":"standard","meta":{"_jetpack_memberships_contains_paid_content":false,"footnotes":""},"categories":[36],"tags":[],"jetpack_sharing_enabled":true,"jetpack_featured_media_url":"https:\/\/voranews.al\/wp-content\/uploads\/2021\/01\/B78583EB-75F7-43D3-9FA4-7C5AA20FD5C0.jpeg","_links":{"self":[{"href":"https:\/\/voranews.al\/index.php?rest_route=\/wp\/v2\/posts\/3383"}],"collection":[{"href":"https:\/\/voranews.al\/index.php?rest_route=\/wp\/v2\/posts"}],"about":[{"href":"https:\/\/voranews.al\/index.php?rest_route=\/wp\/v2\/types\/post"}],"author":[{"embeddable":true,"href":"https:\/\/voranews.al\/index.php?rest_route=\/wp\/v2\/users\/1"}],"replies":[{"embeddable":true,"href":"https:\/\/voranews.al\/index.php?rest_route=%2Fwp%2Fv2%2Fcomments&post=3383"}],"version-history":[{"count":1,"href":"https:\/\/voranews.al\/index.php?rest_route=\/wp\/v2\/posts\/3383\/revisions"}],"predecessor-version":[{"id":3385,"href":"https:\/\/voranews.al\/index.php?rest_route=\/wp\/v2\/posts\/3383\/revisions\/3385"}],"wp:featuredmedia":[{"embeddable":true,"href":"https:\/\/voranews.al\/index.php?rest_route=\/wp\/v2\/media\/3384"}],"wp:attachment":[{"href":"https:\/\/voranews.al\/index.php?rest_route=%2Fwp%2Fv2%2Fmedia&parent=3383"}],"wp:term":[{"taxonomy":"category","embeddable":true,"href":"https:\/\/voranews.al\/index.php?rest_route=%2Fwp%2Fv2%2Fcategories&post=3383"},{"taxonomy":"post_tag","embeddable":true,"href":"https:\/\/voranews.al\/index.php?rest_route=%2Fwp%2Fv2%2Ftags&post=3383"}],"curies":[{"name":"wp","href":"https:\/\/api.w.org\/{rel}","templated":true}]}}