{"id":3724,"date":"2021-01-08T08:08:17","date_gmt":"2021-01-08T07:08:17","guid":{"rendered":"https:\/\/voranews.al\/?p=3724"},"modified":"2021-01-08T08:08:22","modified_gmt":"2021-01-08T07:08:22","slug":"gjendet-nje-makine-e-djegur-ne-puke-ishte-marre-me-qera-ne-rinas-nga-nje-turist-i-huaj","status":"publish","type":"post","link":"https:\/\/voranews.al\/?p=3724","title":{"rendered":"Gjendet nj\u00eb makin\u00eb e djegur n\u00eb Puk\u00eb, ishte marr\u00eb me qera n\u00eb Rinas nga nj\u00eb turist i huaj"},"content":{"rendered":"\n<p><strong>Puk\u00eb- Gjendet nj\u00eb makin\u00eb e djegur n\u00eb aksin rrugor Gjegjan- Reps.<\/strong><\/p>\n\n\n\n<p>Mjeti tip \u201cSkoda Fabia\u201d \u00ebsht\u00eb gjetur n\u00eb vendin e quajtur \u201cKodra e Bardh\u00eb\u201d, nd\u00ebrsa rezulton t\u00eb jet\u00eb marr\u00eb me qira n\u00eb Rinas.<\/p>\n\n\n\n<p>Informacione b\u00ebjn\u00eb me dije se makina ishte e marr\u00eb me qera nga nj\u00eb turist i huaj.<\/p>\n","protected":false},"excerpt":{"rendered":"<p>Puk\u00eb- Gjendet nj\u00eb makin\u00eb e djegur n\u00eb aksin rrugor Gjegjan- Reps. Mjeti tip \u201cSkoda Fabia\u201d \u00ebsht\u00eb gjetur n\u00eb vendin e quajtur \u201cKodra e Bardh\u00eb\u201d, nd\u00ebrsa rezulton t\u00eb jet\u00eb marr\u00eb me qira n\u00eb Rinas. Informacione b\u00ebjn\u00eb me dije se makina ishte e marr\u00eb me qera nga nj\u00eb turist i huaj.<\/p>\n","protected":false},"author":1,"featured_media":3725,"comment_status":"closed","ping_status":"closed","sticky":true,"template":"","format":"standard","meta":{"_jetpack_memberships_contains_paid_content":false,"footnotes":""},"categories":[4],"tags":[],"jetpack_sharing_enabled":true,"jetpack_featured_media_url":"https:\/\/voranews.al\/wp-content\/uploads\/2021\/01\/3781D76F-38EA-47CD-8756-D55270010BF7.jpeg","_links":{"self":[{"href":"https:\/\/voranews.al\/index.php?rest_route=\/wp\/v2\/posts\/3724"}],"collection":[{"href":"https:\/\/voranews.al\/index.php?rest_route=\/wp\/v2\/posts"}],"about":[{"href":"https:\/\/voranews.al\/index.php?rest_route=\/wp\/v2\/types\/post"}],"author":[{"embeddable":true,"href":"https:\/\/voranews.al\/index.php?rest_route=\/wp\/v2\/users\/1"}],"replies":[{"embeddable":true,"href":"https:\/\/voranews.al\/index.php?rest_route=%2Fwp%2Fv2%2Fcomments&post=3724"}],"version-history":[{"count":1,"href":"https:\/\/voranews.al\/index.php?rest_route=\/wp\/v2\/posts\/3724\/revisions"}],"predecessor-version":[{"id":3726,"href":"https:\/\/voranews.al\/index.php?rest_route=\/wp\/v2\/posts\/3724\/revisions\/3726"}],"wp:featuredmedia":[{"embeddable":true,"href":"https:\/\/voranews.al\/index.php?rest_route=\/wp\/v2\/media\/3725"}],"wp:attachment":[{"href":"https:\/\/voranews.al\/index.php?rest_route=%2Fwp%2Fv2%2Fmedia&parent=3724"}],"wp:term":[{"taxonomy":"category","embeddable":true,"href":"https:\/\/voranews.al\/index.php?rest_route=%2Fwp%2Fv2%2Fcategories&post=3724"},{"taxonomy":"post_tag","embeddable":true,"href":"https:\/\/voranews.al\/index.php?rest_route=%2Fwp%2Fv2%2Ftags&post=3724"}],"curies":[{"name":"wp","href":"https:\/\/api.w.org\/{rel}","templated":true}]}}