{"id":3764,"date":"2021-01-08T19:27:49","date_gmt":"2021-01-08T18:27:49","guid":{"rendered":"https:\/\/voranews.al\/?p=3764"},"modified":"2021-01-08T19:27:54","modified_gmt":"2021-01-08T18:27:54","slug":"permbytjet-pushtojne-shqiperine-vasili-qeveria-rama-jep-tendera-pa-fund-ne-kurriz-te-qytetareve-25-prilli-dita-e-ndeshkimit-te-madh","status":"publish","type":"post","link":"https:\/\/voranews.al\/?p=3764","title":{"rendered":"P\u00ebrmbytjet pushtojn\u00eb Shqip\u00ebrin\u00eb\u201d-Vasili: Qeveria Rama jep tendera pa fund n\u00eb kurriz t\u00eb qytetar\u00ebve. 25 prilli, dita e nd\u00ebshkimit t\u00eb madh!"},"content":{"rendered":"\n<p><strong>N\u00ebnkryetari i L\u00ebvizjes Socialiste p\u00ebr Integrim, Petrit Vasili n\u00eb nj\u00eb deklarat\u00eb p\u00ebr mediat shprehet se qeveria me n\u00eb krye Edi Ram\u00ebn jep tendera pa fund n\u00eb kurriz t\u00eb qytetar\u00ebve, nd\u00ebrsa vendi ndodhet n\u00eb nj\u00eb situat\u00eb kaotike p\u00ebr shkak t\u00eb shirave t\u00eb denduar q\u00eb vijojn\u00eb prej dit\u00ebsh dhe kan\u00eb krijuar nj\u00eb situat\u00eb kaotike.<\/strong><\/p>\n\n\n\n<p>Vasili thekson se 25 prilli \u00ebsht\u00eb dita e nd\u00ebshkimit t\u00eb madh&nbsp;<em>\u201ce hapjes s\u00eb \u00e7do letre, e verifikimit t\u00eb \u00e7do procedure, e tejkalimit t\u00eb \u00e7do norme q\u00eb rregullon dhe ligjet e shtetit shqiptar, dhe t\u00eb jen\u00eb t\u00eb bindur q\u00eb jo sot, pas 3 muajsh, pas 6 muajsh, pas 7 muajsh do t\u00eb jen\u00eb para drejt\u00ebsis\u00eb dhe asnj\u00eb truk, asnj\u00eb klient i tyre, asnj\u00eb q\u00eb jep hua emrin nuk do t\u00eb shp\u00ebtoj\u00eb dot nga nd\u00ebshkimi\u201d.<\/em><\/p>\n\n\n\n<p><strong><em>Deklarata e plot\u00eb:<\/em><\/strong><\/p>\n\n\n\n<p><em>Qeveria e Edi Ram\u00ebs vet\u00ebm sot, n\u00eb k\u00ebto momente q\u00eb komunikojm\u00eb, ka vazhduar megjith\u00ebse p\u00ebrmbytjet kan\u00eb pushtuar Shqip\u00ebrin\u00eb anemban\u00eb, tender\u00ebt e saj t\u00eb pafund e t\u00eb pam\u00ebshirsh\u00ebm p\u00ebr qytetar\u00ebt.<\/em><\/p>\n\n\n\n<p><em>Vet\u00ebm p\u00ebr dy tender\u00eb p\u00ebr mbikalimin Tiran\u00eb \u2013 Elbasan dhe p\u00ebr rrug\u00ebn Palas\u00eb \u2013 Dh\u00ebrmi kjo qeveri shp\u00ebrblen dy kompani duke ua dh\u00ebn\u00eb tenderin pik\u00ebrisht \u00e7mimeve m\u00eb t\u00eb larta, p\u00ebrkat\u00ebsisht nga 5 milion e ca euro m\u00eb shum\u00eb se sa \u00e7mimi m\u00eb i ul\u00ebt.<\/em><\/p>\n\n\n\n<p><em>Pra shqiptar\u00ebve iu grabit\u00ebn 10 milion\u00eb euro n\u00eb nj\u00eb dor\u00eb, n\u00eb koh\u00eb pandemie, kur 10 milion\u00eb euro do t\u00eb thon\u00eb miliona doza vaksin\u00eb, t\u00eb cilat s\u2019kan\u00eb nevoj\u00eb t\u2019u lypen lart e posht\u00eb, por mund t\u00eb paguhen dhe shqiptar\u00ebt t\u00eb fillonin vaksinimin.<\/em><\/p>\n\n\n\n<p><em>Dhjet\u00ebra kanale ujit\u00ebse, hidrovor\u00eb mund t\u00eb b\u00ebheshin me milionat e eurove. 10 milion jan\u00eb vet\u00ebm dy tender\u00eb, por tender\u00eb pa fund t\u00eb till\u00eb, sekret, t\u00eb drejtp\u00ebrdrejt\u00eb, tender\u00eb q\u00eb u jepen klient\u00ebve t\u00eb qeveris\u00eb, t\u00eb cil\u00ebt kan\u00eb dh\u00ebn\u00eb emrin borxh e pas t\u00eb cilit q\u00ebndrojn\u00eb pronar\u00ebt e v\u00ebrtet\u00eb t\u00eb k\u00ebtyre parave, pronar\u00eb politik\u00eb dhe mediatik\u00eb.<\/em><\/p>\n\n\n\n<p><em>Dhe k\u00ebto para, miliona t\u00eb shp\u00ebrdoruara, nd\u00ebrkoh\u00eb q\u00eb jemi n\u00eb pandemi, q\u00eb jemi pas dy t\u00ebrmeteve, b\u00ebjn\u00eb q\u00eb t\u00eb mos kemi as mjete logjistike, mos ket\u00eb ekskavator\u00eb, t\u00eb mos ket\u00eb m\u00ebnyr\u00eb t\u00eb tjera p\u00ebr t\u00eb nd\u00ebrhyr\u00eb p\u00ebr t\u00eb \u00e7liruar situat\u00ebn e Shqip\u00ebris\u00eb nga uj\u00ebrat pa mbarim, q\u00eb po shkat\u00ebrrojn\u00eb pron\u00ebn e njer\u00ebzve dhe po rrezikojn\u00eb sh\u00ebndetin e mij\u00ebra qytetar\u00ebve anemban\u00eb vendit.<\/em><\/p>\n\n\n\n<p><em>\u00cbsht\u00eb e qart\u00eb q\u00eb Shqip\u00ebria \u00ebsht\u00eb e fundit p\u00ebr Edi Ram\u00ebn, i cili ndon\u00ebse vendi \u00ebsht\u00eb pllakosur nga p\u00ebrmbytjet, vazhdon i qet\u00eb vizitat e tij t\u00eb turizmit politiko-mediatik jasht\u00eb vendit dhe nuk shkruan asnj\u00eb fjal\u00eb dhe nuk interesohet fare p\u00ebr Shqip\u00ebrin\u00eb q\u00eb \u00ebsht\u00eb vet\u00ebm pak kilometra me larg.<\/em><\/p>\n\n\n\n<p><em>Nj\u00eb kryeminist\u00ebr i p\u00ebrgjegjsh\u00ebm do t\u00eb kishte nd\u00ebrprer\u00eb \u00e7do aktivitet jasht\u00eb vendit, do t\u00eb ishte k\u00ebtu n\u00eb krye t\u00eb pun\u00ebve, s\u00eb bashku me ministrat e tij bashi-buzuk\u00eb, t\u00eb cil\u00ebt nuk gjenden gj\u00ebkundi e q\u00eb u jan\u00eb fshehur qytetar\u00ebve duke i l\u00ebn\u00eb n\u00eb m\u00ebshir\u00eb t\u00eb fatit, por q\u00eb t\u00eb cil\u00ebt jan\u00eb t\u00eb gjith\u00eb vigjilent\u00eb p\u00ebr t\u00eb b\u00ebr\u00eb tender\u00eb pa mbarim e ku vet\u00ebm n\u00eb nj\u00eb dit\u00eb 10 milion euro, 12 miliard e ca lek\u00eb t\u00eb vjetra rr\u00ebmbehen nga xhepat e shqiptar\u00ebve, t\u00eb cilat mund t\u2019u ishin kthyer n\u00eb spitale q\u00eb nuk mbarojn\u00eb asnj\u00ebher\u00eb, mund t\u00eb ishin kthyer pa asnj\u00eb diskutim n\u00eb mb\u00ebshtetje p\u00ebr biznesin, i cili vuan dhe p\u00ebrfundimisht mund t\u00eb ishin bler\u00eb mij\u00ebra e miliona mjete mbrojt\u00ebse q\u00eb m\u00eb shum\u00eb se 30 mjek\u00eb q\u00eb humb\u00ebn jet\u00ebn e plot t\u00eb tjer\u00eb t\u00eb infektuar t\u00eb mos t\u2019u ndodhte.<\/em><\/p>\n\n\n\n<p><em>Pra, kjo qeveri n\u00eb vend q\u00eb t\u00eb nd\u00ebrpriste \u00e7do lloj procedure tenderimi e ku pandemi n\u00eb nj\u00ebr\u00ebn an\u00eb, sh\u00ebrbimi sh\u00ebndet\u00ebsor n\u00eb an\u00ebn tjet\u00ebr, veprat kulluese e hidrovor\u00ebt q\u00eb jan\u00eb emergjenc\u00eb e madhe civile e komb\u00ebtare t\u00eb investoheshin, p\u00ebr ta nuk ka para, sepse k\u00ebta duan t\u00eb mbushin xhepat n\u00eb ikje e sip\u00ebr dhe t\u00eb thon\u00eb: S\u2019ka gj\u00eb. Le t\u00eb mbetet qameti nga pas. Le t\u2019u mbeten borxhet k\u00ebtyre. Boll ne t\u00eb kemi sistemuar si\u00e7 duhet parat\u00eb tona n\u00ebp\u00ebrmjet kompanive q\u00eb japin me bujari borxh emrin e tyre p\u00ebr t\u00eb v\u00ebn\u00eb n\u00eb l\u00ebvizje parat\u00eb e pista t\u00eb qeveris\u00eb e t\u00eb klient\u00ebve t\u00eb tjer\u00eb t\u00eb saj politiko \u2013 mediatik\u00eb.<\/em><\/p>\n\n\n\n<p><em>Koha nuk pret, 25 prilli \u00ebsht\u00eb dita p\u00ebr t\u00eb shp\u00ebtuar t\u00eb t\u00ebr\u00eb shqiptar\u00ebt, t\u00eb cil\u00ebt \u00e7do dit\u00eb q\u00eb q\u00ebndron kjo qeveri, vet\u00ebm do t\u00eb grabiten n\u00eb m\u00ebnyr\u00eb t\u00eb pam\u00ebshirshme. Nuk rreshtin q\u00eb t\u00eb grabisin 10 milion euro n\u00eb nj\u00eb dor\u00eb, mendoni se \u00e7 \u2018tmerre i kan\u00eb ndodhur Shqip\u00ebris\u00eb me miliarda n\u00eb k\u00ebto vite, duke i l\u00ebn\u00eb nj\u00eb gremin\u00eb financiare, vet\u00ebm e vet\u00ebm q\u00eb n\u00eb k\u00ebt\u00eb gremin\u00eb t\u00eb mbyten shqiptar\u00ebt e varf\u00ebr e t\u00eb zakonsh\u00ebm dhe k\u00ebta me xhepat plot t\u00eb ikin larg Shqip\u00ebris\u00eb.<\/em><\/p>\n\n\n\n<p><em>25 prilli do t\u00eb jet\u00eb dita e nd\u00ebshkimit t\u00eb madh, e hapjes s\u00eb \u00e7do letre, e verifikimit t\u00eb \u00e7do procedure, e tejkalimit t\u00eb \u00e7do norme q\u00eb rregullon dhe ligjet e shtetit shqiptar, dhe t\u00eb jen\u00eb t\u00eb bindur q\u00eb jo sot, pas 3 muajsh, pas 6 muajsh, pas 7 muajsh do t\u00eb jen\u00eb para drejt\u00ebsis\u00eb dhe asnj\u00eb truk, asnj\u00eb klient i tyre, asnj\u00eb q\u00eb jep hua emrin nuk do t\u00eb shp\u00ebtoj\u00eb dot nga nd\u00ebshkimi.<\/em><\/p>\n","protected":false},"excerpt":{"rendered":"<p>N\u00ebnkryetari i L\u00ebvizjes Socialiste p\u00ebr Integrim, Petrit Vasili n\u00eb nj\u00eb deklarat\u00eb p\u00ebr mediat shprehet se qeveria me n\u00eb krye Edi Ram\u00ebn jep tendera pa fund n\u00eb kurriz t\u00eb qytetar\u00ebve, nd\u00ebrsa vendi ndodhet n\u00eb nj\u00eb situat\u00eb kaotike p\u00ebr shkak t\u00eb shirave t\u00eb denduar q\u00eb vijojn\u00eb prej dit\u00ebsh dhe kan\u00eb krijuar nj\u00eb situat\u00eb kaotike. Vasili thekson se &hellip;<\/p>\n","protected":false},"author":1,"featured_media":3765,"comment_status":"closed","ping_status":"closed","sticky":true,"template":"","format":"standard","meta":{"_jetpack_memberships_contains_paid_content":false,"footnotes":""},"categories":[20],"tags":[],"jetpack_sharing_enabled":true,"jetpack_featured_media_url":"https:\/\/voranews.al\/wp-content\/uploads\/2021\/01\/C26C1171-84DE-4151-8E0B-41BF4728A584.png","_links":{"self":[{"href":"https:\/\/voranews.al\/index.php?rest_route=\/wp\/v2\/posts\/3764"}],"collection":[{"href":"https:\/\/voranews.al\/index.php?rest_route=\/wp\/v2\/posts"}],"about":[{"href":"https:\/\/voranews.al\/index.php?rest_route=\/wp\/v2\/types\/post"}],"author":[{"embeddable":true,"href":"https:\/\/voranews.al\/index.php?rest_route=\/wp\/v2\/users\/1"}],"replies":[{"embeddable":true,"href":"https:\/\/voranews.al\/index.php?rest_route=%2Fwp%2Fv2%2Fcomments&post=3764"}],"version-history":[{"count":1,"href":"https:\/\/voranews.al\/index.php?rest_route=\/wp\/v2\/posts\/3764\/revisions"}],"predecessor-version":[{"id":3766,"href":"https:\/\/voranews.al\/index.php?rest_route=\/wp\/v2\/posts\/3764\/revisions\/3766"}],"wp:featuredmedia":[{"embeddable":true,"href":"https:\/\/voranews.al\/index.php?rest_route=\/wp\/v2\/media\/3765"}],"wp:attachment":[{"href":"https:\/\/voranews.al\/index.php?rest_route=%2Fwp%2Fv2%2Fmedia&parent=3764"}],"wp:term":[{"taxonomy":"category","embeddable":true,"href":"https:\/\/voranews.al\/index.php?rest_route=%2Fwp%2Fv2%2Fcategories&post=3764"},{"taxonomy":"post_tag","embeddable":true,"href":"https:\/\/voranews.al\/index.php?rest_route=%2Fwp%2Fv2%2Ftags&post=3764"}],"curies":[{"name":"wp","href":"https:\/\/api.w.org\/{rel}","templated":true}]}}