{"id":3926,"date":"2021-01-11T21:26:34","date_gmt":"2021-01-11T20:26:34","guid":{"rendered":"https:\/\/voranews.al\/?p=3926"},"modified":"2021-01-11T21:26:38","modified_gmt":"2021-01-11T20:26:38","slug":"vetting-per-politikanet-bardhi-rama-8-vjet-deshtime-dhe-premtime-te-pambajtura-genjeshtar","status":"publish","type":"post","link":"https:\/\/voranews.al\/?p=3926","title":{"rendered":"Vetting p\u00ebr politikan\u00ebt, Bardhi: Rama, 8 vjet d\u00ebshtime dhe premtime t\u00eb pambajtura. G\u00ebnjeshtar!"},"content":{"rendered":"\n<p>Sekretari i P\u00ebrgjithsh\u00ebm i Partis\u00eb Demokratike, Gazment Bardhi i \u00ebsht\u00eb kund\u00ebrp\u00ebrgjigjur kryeministrit Edi Rama n\u00eb lidhje me reagimin e k\u00ebtij t\u00eb fundit sa i takon vettingut p\u00ebr politikan\u00ebt.\u00a0<\/p>\n\n\n\n<p>P\u00ebrmes nj\u00eb postimi n\u00eb \u201cFacebook\u201d, Bardhi thekson se Rama n\u00eb k\u00ebto 8 vite qeverisje ka d\u00ebshmuar me premtime t\u00eb pambajtura, nd\u00ebrsa e cil\u00ebson at\u00eb g\u00ebnjeshtar.<\/p>\n\n\n\n<p>Edi Rama- 8 vjet deshtime dhe premtime te pambajtura. Genjeshtar!\u201d, -shkruan Bardhi.<\/p>\n","protected":false},"excerpt":{"rendered":"<p>Sekretari i P\u00ebrgjithsh\u00ebm i Partis\u00eb Demokratike, Gazment Bardhi i \u00ebsht\u00eb kund\u00ebrp\u00ebrgjigjur kryeministrit Edi Rama n\u00eb lidhje me reagimin e k\u00ebtij t\u00eb fundit sa i takon vettingut p\u00ebr politikan\u00ebt.\u00a0 P\u00ebrmes nj\u00eb postimi n\u00eb \u201cFacebook\u201d, Bardhi thekson se Rama n\u00eb k\u00ebto 8 vite qeverisje ka d\u00ebshmuar me premtime t\u00eb pambajtura, nd\u00ebrsa e cil\u00ebson at\u00eb g\u00ebnjeshtar. Edi Rama- &hellip;<\/p>\n","protected":false},"author":1,"featured_media":3927,"comment_status":"closed","ping_status":"closed","sticky":true,"template":"","format":"standard","meta":{"_jetpack_memberships_contains_paid_content":false,"footnotes":""},"categories":[20],"tags":[],"jetpack_sharing_enabled":true,"jetpack_featured_media_url":"https:\/\/voranews.al\/wp-content\/uploads\/2021\/01\/6EC879B3-292E-4DBC-A9EC-ABD71A5F820B.jpeg","_links":{"self":[{"href":"https:\/\/voranews.al\/index.php?rest_route=\/wp\/v2\/posts\/3926"}],"collection":[{"href":"https:\/\/voranews.al\/index.php?rest_route=\/wp\/v2\/posts"}],"about":[{"href":"https:\/\/voranews.al\/index.php?rest_route=\/wp\/v2\/types\/post"}],"author":[{"embeddable":true,"href":"https:\/\/voranews.al\/index.php?rest_route=\/wp\/v2\/users\/1"}],"replies":[{"embeddable":true,"href":"https:\/\/voranews.al\/index.php?rest_route=%2Fwp%2Fv2%2Fcomments&post=3926"}],"version-history":[{"count":1,"href":"https:\/\/voranews.al\/index.php?rest_route=\/wp\/v2\/posts\/3926\/revisions"}],"predecessor-version":[{"id":3928,"href":"https:\/\/voranews.al\/index.php?rest_route=\/wp\/v2\/posts\/3926\/revisions\/3928"}],"wp:featuredmedia":[{"embeddable":true,"href":"https:\/\/voranews.al\/index.php?rest_route=\/wp\/v2\/media\/3927"}],"wp:attachment":[{"href":"https:\/\/voranews.al\/index.php?rest_route=%2Fwp%2Fv2%2Fmedia&parent=3926"}],"wp:term":[{"taxonomy":"category","embeddable":true,"href":"https:\/\/voranews.al\/index.php?rest_route=%2Fwp%2Fv2%2Fcategories&post=3926"},{"taxonomy":"post_tag","embeddable":true,"href":"https:\/\/voranews.al\/index.php?rest_route=%2Fwp%2Fv2%2Ftags&post=3926"}],"curies":[{"name":"wp","href":"https:\/\/api.w.org\/{rel}","templated":true}]}}