{"id":4079,"date":"2021-01-14T10:08:29","date_gmt":"2021-01-14T09:08:29","guid":{"rendered":"https:\/\/voranews.al\/?p=4079"},"modified":"2021-01-14T10:08:33","modified_gmt":"2021-01-14T09:08:33","slug":"bild-shkruan-per-kryeministrin-shqiptar-si-negociator-mes-turqise-e-greqise-rama-ndertuesi-i-urave","status":"publish","type":"post","link":"https:\/\/voranews.al\/?p=4079","title":{"rendered":"Bild shkruan p\u00ebr kryeministrin shqiptar si negociator mes Turqis\u00eb e Greqis\u00eb: Rama, nd\u00ebrtuesi i urave"},"content":{"rendered":"\n<p>Kancelarja gjermane Angela Merkel ka inkurajuar personalisht kryeministrin Edi Rama q\u00eb t\u00eb p\u00ebrpiqet t\u00eb mbledh\u00eb krer\u00ebt shtet\u00ebror\u00eb t\u00eb Greqis\u00eb dhe Turqis\u00eb rreth nj\u00eb tavoline.<\/p>\n\n\n\n<p>Dy vendet jan\u00eb n\u00eb mosmarr\u00ebveshje p\u00ebr ishujt n\u00eb Detin Egje, e cila koh\u00ebt e fundit ishte p\u00ebrshkall\u00ebzuar. N\u00eb nj\u00eb artikull t\u00eb publikuar n\u00eb&nbsp;<strong><a href=\"https:\/\/www.bild.de\/politik\/2019\/politik\/bild-gewinner-verlierer-59467860.bild.html\">Bild<\/a><\/strong>&nbsp;kancelarja gjermane e konsideron kreun e qeveris\u00eb shqiptare si \u201cnd\u00ebrtuesi i ur\u00ebs\u201d midis dy vendeve.<\/p>\n\n\n\n<p>\u201c<em>Kancelarja e inkurajoi personalisht at\u00eb. Edi Ram\u00ebn, Kryeministrin e Shqip\u00ebris\u00eb, t\u00eb p\u00ebrpiqet t\u00eb bashkoj\u00eb krer\u00ebt t\u00eb Turqis\u00eb dhe Greqis\u00eb rreth nj\u00eb tryeze. Historiku: mosmarr\u00ebveshja p\u00ebr ishujt n\u00eb Detin Egje, e cila koh\u00ebt e fundit ishte p\u00ebrshkall\u00ebzuar\u201d<\/em>, shkruan Bild.<\/p>\n\n\n\n<p>Artikulli vjen pas pak dit\u00eb m\u00eb par\u00eb kryeministri Edi Rama zhvilloi nj\u00eb vizit\u00eb n\u00eb Ankara ku u prit me ceremoni shtet\u00ebrore nga presidenti turk, Rexhep Taip Erdogan.<\/p>\n\n\n\n<p>Pas vizit\u00ebs, n\u00eb media qarkulloi lajmi se kryeministri shqiptar do t\u00eb nd\u00ebrmjet\u00ebsonte midis Athin\u00ebs dhe Ankaras\u00eb p\u00ebr t\u00eb zgjidhur mosmarr\u00ebveshjes midis tyre, mjaft t\u00eb agravuara muajit e fundit pasi anijet turke kan\u00eb eksploruar n\u00eb zonat e diskutuara midis dy shtetet p\u00ebr detin Mesdhe.<\/p>\n\n\n\n<p>Nd\u00ebrkoh\u00eb kujtojm\u00eb se Turqia dhe Greqia do t\u00eb takohen m\u00eb 25 janar n\u00eb Stamboll ku pritet q\u00eb t\u00eb diskutojn\u00eb dhe n\u00eb lidhje me \u00e7\u00ebhstjet e l\u00ebna pezull q\u00eb n\u00eb 2016<strong>.<\/strong><\/p>\n","protected":false},"excerpt":{"rendered":"<p>Kancelarja gjermane Angela Merkel ka inkurajuar personalisht kryeministrin Edi Rama q\u00eb t\u00eb p\u00ebrpiqet t\u00eb mbledh\u00eb krer\u00ebt shtet\u00ebror\u00eb t\u00eb Greqis\u00eb dhe Turqis\u00eb rreth nj\u00eb tavoline. Dy vendet jan\u00eb n\u00eb mosmarr\u00ebveshje p\u00ebr ishujt n\u00eb Detin Egje, e cila koh\u00ebt e fundit ishte p\u00ebrshkall\u00ebzuar. N\u00eb nj\u00eb artikull t\u00eb publikuar n\u00eb&nbsp;Bild&nbsp;kancelarja gjermane e konsideron kreun e qeveris\u00eb shqiptare si &hellip;<\/p>\n","protected":false},"author":1,"featured_media":4080,"comment_status":"closed","ping_status":"closed","sticky":true,"template":"","format":"standard","meta":{"_jetpack_memberships_contains_paid_content":false,"footnotes":""},"categories":[38],"tags":[],"jetpack_sharing_enabled":true,"jetpack_featured_media_url":"https:\/\/voranews.al\/wp-content\/uploads\/2021\/01\/66390737-ED8C-4F56-BFE3-08B6A7F069AD.jpeg","_links":{"self":[{"href":"https:\/\/voranews.al\/index.php?rest_route=\/wp\/v2\/posts\/4079"}],"collection":[{"href":"https:\/\/voranews.al\/index.php?rest_route=\/wp\/v2\/posts"}],"about":[{"href":"https:\/\/voranews.al\/index.php?rest_route=\/wp\/v2\/types\/post"}],"author":[{"embeddable":true,"href":"https:\/\/voranews.al\/index.php?rest_route=\/wp\/v2\/users\/1"}],"replies":[{"embeddable":true,"href":"https:\/\/voranews.al\/index.php?rest_route=%2Fwp%2Fv2%2Fcomments&post=4079"}],"version-history":[{"count":1,"href":"https:\/\/voranews.al\/index.php?rest_route=\/wp\/v2\/posts\/4079\/revisions"}],"predecessor-version":[{"id":4081,"href":"https:\/\/voranews.al\/index.php?rest_route=\/wp\/v2\/posts\/4079\/revisions\/4081"}],"wp:featuredmedia":[{"embeddable":true,"href":"https:\/\/voranews.al\/index.php?rest_route=\/wp\/v2\/media\/4080"}],"wp:attachment":[{"href":"https:\/\/voranews.al\/index.php?rest_route=%2Fwp%2Fv2%2Fmedia&parent=4079"}],"wp:term":[{"taxonomy":"category","embeddable":true,"href":"https:\/\/voranews.al\/index.php?rest_route=%2Fwp%2Fv2%2Fcategories&post=4079"},{"taxonomy":"post_tag","embeddable":true,"href":"https:\/\/voranews.al\/index.php?rest_route=%2Fwp%2Fv2%2Ftags&post=4079"}],"curies":[{"name":"wp","href":"https:\/\/api.w.org\/{rel}","templated":true}]}}