{"id":4129,"date":"2021-01-14T22:32:59","date_gmt":"2021-01-14T21:32:59","guid":{"rendered":"https:\/\/voranews.al\/?p=4129"},"modified":"2021-01-14T22:33:04","modified_gmt":"2021-01-14T21:33:04","slug":"a-do-largohet-nga-pd-nese-humb-zgjedhjet-e-25-prillit-pergjigjet-basha-ketu-po-luhet-fati-i-shqiperise","status":"publish","type":"post","link":"https:\/\/voranews.al\/?p=4129","title":{"rendered":"A do largohet nga PD n\u00ebse humb zgjedhjet e 25 prillit? P\u00ebrgjigjet Basha: K\u00ebtu po luhet fati i Shqip\u00ebris\u00eb\u2026"},"content":{"rendered":"\n<p>Kryedemokrati Lulzim Basha i ftuar n\u00eb \u201cOpinion\u201d deklaroi se zgjedhjet e 25 prillit nuk do t\u00eb jen\u00eb t\u00eb zakonshme. Ai tha se vendi ndodhet n\u00eb nj\u00eb udh\u00ebkryq historik dhe se opozita do t\u00eb jet\u00eb n\u00eb unison me \u00e7do shqiptar.<\/p>\n\n\n\n<p><strong>Po afrohet pushteti apo po ju largohet?<\/strong><br><strong>Basha:<\/strong>&nbsp;Opozita, PD un\u00eb, jemi n\u00eb unison me qytetar\u00ebt shqiptar\u00eb. Nuk b\u00ebhet fjal\u00eb p\u00ebr nj\u00eb pal\u00eb zgjedhje, por p\u00ebr nj\u00eb udh\u00ebkryq ku shqiptar\u00ebt do vendosin. Sfida \u00ebsht\u00eb ta konturojm\u00eb k\u00ebt\u00eb ndryshim dhe q\u00eb pjesa m\u00eb e madhe e shqiptar\u00ebve ta ndjej\u00eb veten se pas 25 prillit do jen\u00eb m\u00eb mir\u00eb.<\/p>\n\n\n\n<p><strong>Po si nd\u00ebrron kjo brenda dit\u00ebs, si nata me dit\u00ebn\u2026<\/strong><br><strong>Basha:<\/strong>&nbsp;Kryesorja \u00ebsht\u00eb q\u00eb 25 prilli \u00ebsht\u00eb nj\u00eb udh\u00ebkryq, pas 8 vitesh d\u00ebshtime n\u00eb cdo fush\u00eb\u2026<\/p>\n\n\n\n<p><strong>Po u konfirmua n\u00eb 2017 pa b\u00ebr\u00eb asnj\u00eb premtim donte timonin dhe tepsin\u00eb\u2026<\/strong><\/p>\n\n\n\n<p><strong>Basha:<\/strong>&nbsp;Sot jemi k\u00ebtu p\u00ebr t\u00eb gjykuar se 2017 tregoi pik\u00ebn m\u00eb t\u00eb ul\u00ebt t\u00eb nj\u00eb fushate. 25 prilli \u00ebsht\u00eb referendum p\u00ebr ndryshim, sfida e opozit\u00ebs, e imja personale \u00ebsht\u00eb t\u2019i japim form\u00eb nj\u00eb ndryshimi q\u00eb influencon mbar\u00eb shqiptar\u00ebt.<\/p>\n\n\n\n<figure class=\"wp-block-image\"><img decoding=\"async\" src=\"https:\/\/ads.balkanweb.com\/www\/delivery\/lg.php?bannerid=0&amp;campaignid=0&amp;zoneid=629&amp;loc=https%3A%2F%2Fwww.balkanweb.com%2Fa-do-largohet-nga-pd-nese-humb-zgjedhjet-e-25-prillit-pergjigjet-basha-ketu-po-luhet-fati-i-shqiperise%2F&amp;referer=https%3A%2F%2Fwww.balkanweb.com%2F&amp;cb=4d29682e97\" alt=\"\"\/><\/figure>\n\n\n\n<p><strong>Me sa lista do dilni n\u00eb zgjedhje, me 1 apo 2?<\/strong><br><strong>Basha:<\/strong>&nbsp;Ne jemi t\u00eb bashkuar me nj\u00eb q\u00ebllim p\u00ebr t\u2019i hapur rrug\u00eb ndryshimit dhe largimit t\u00eb Ram\u00ebs. N\u00eb funksion t\u00eb k\u00ebsaj ne kemi nj\u00eb koalicion opozitar, nj\u00eb q\u00ebllim. Vendimet taktike synojn\u00eb t\u00eb b\u00ebjn\u00eb t\u00eb mundur q\u00eb asnj\u00eb vot\u00eb e shqiptar\u00ebve q\u00eb k\u00ebrkojn\u00eb ndryshim, t\u00eb mos humbas\u00eb pesh\u00ebn e saj.<\/p>\n\n\n\n<p><strong>Kush do jet\u00eb kryeminist\u00ebr nw rast se fiton koalicioni juaj?<\/strong><br><strong>Basha:<\/strong>&nbsp;Kandidat p\u00ebr kryeminist\u00ebr jam un\u00eb. Ky whstw vendim i shpallur, jo vet\u00ebm vendim politik, por edhe shprehje e vullnetit t\u00eb qytetar\u00ebve. Kemi matje n\u00eb terren se njer\u00ebzit kan\u00eb preferenc\u00eb t\u00eb qart\u00eb q\u00eb un\u00eb t\u00eb marr p\u00ebrsip\u00ebr barr\u00ebn e qeverisjes s\u00eb vendit.<\/p>\n\n\n\n<p><strong>N\u00ebse humbni zgjidhjet ju ikni nga PD?<\/strong><br>Basha: Sot po diskutohet p\u00ebr fatin e Shqip\u00ebris\u00eb, jo p\u00ebr t\u00eb ardhmen time. Sot shumica e d\u00ebrrmuese e shqiptar\u00ebve duan ndryshim. Sfida e koalicionit jo largimi i Ram\u00ebs, ai \u00ebsht\u00eb i vet\u00eblarguar.<\/p>\n","protected":false},"excerpt":{"rendered":"<p>Kryedemokrati Lulzim Basha i ftuar n\u00eb \u201cOpinion\u201d deklaroi se zgjedhjet e 25 prillit nuk do t\u00eb jen\u00eb t\u00eb zakonshme. Ai tha se vendi ndodhet n\u00eb nj\u00eb udh\u00ebkryq historik dhe se opozita do t\u00eb jet\u00eb n\u00eb unison me \u00e7do shqiptar. Po afrohet pushteti apo po ju largohet?Basha:&nbsp;Opozita, PD un\u00eb, jemi n\u00eb unison me qytetar\u00ebt shqiptar\u00eb. Nuk &hellip;<\/p>\n","protected":false},"author":1,"featured_media":4130,"comment_status":"closed","ping_status":"closed","sticky":true,"template":"","format":"standard","meta":{"_jetpack_memberships_contains_paid_content":false,"footnotes":""},"categories":[20],"tags":[],"jetpack_sharing_enabled":true,"jetpack_featured_media_url":"https:\/\/voranews.al\/wp-content\/uploads\/2021\/01\/B83C8CDB-6EE6-417A-8B53-81391A395579.jpeg","_links":{"self":[{"href":"https:\/\/voranews.al\/index.php?rest_route=\/wp\/v2\/posts\/4129"}],"collection":[{"href":"https:\/\/voranews.al\/index.php?rest_route=\/wp\/v2\/posts"}],"about":[{"href":"https:\/\/voranews.al\/index.php?rest_route=\/wp\/v2\/types\/post"}],"author":[{"embeddable":true,"href":"https:\/\/voranews.al\/index.php?rest_route=\/wp\/v2\/users\/1"}],"replies":[{"embeddable":true,"href":"https:\/\/voranews.al\/index.php?rest_route=%2Fwp%2Fv2%2Fcomments&post=4129"}],"version-history":[{"count":1,"href":"https:\/\/voranews.al\/index.php?rest_route=\/wp\/v2\/posts\/4129\/revisions"}],"predecessor-version":[{"id":4131,"href":"https:\/\/voranews.al\/index.php?rest_route=\/wp\/v2\/posts\/4129\/revisions\/4131"}],"wp:featuredmedia":[{"embeddable":true,"href":"https:\/\/voranews.al\/index.php?rest_route=\/wp\/v2\/media\/4130"}],"wp:attachment":[{"href":"https:\/\/voranews.al\/index.php?rest_route=%2Fwp%2Fv2%2Fmedia&parent=4129"}],"wp:term":[{"taxonomy":"category","embeddable":true,"href":"https:\/\/voranews.al\/index.php?rest_route=%2Fwp%2Fv2%2Fcategories&post=4129"},{"taxonomy":"post_tag","embeddable":true,"href":"https:\/\/voranews.al\/index.php?rest_route=%2Fwp%2Fv2%2Ftags&post=4129"}],"curies":[{"name":"wp","href":"https:\/\/api.w.org\/{rel}","templated":true}]}}