{"id":4186,"date":"2021-01-16T11:00:05","date_gmt":"2021-01-16T10:00:05","guid":{"rendered":"https:\/\/voranews.al\/?p=4186"},"modified":"2021-01-16T11:00:09","modified_gmt":"2021-01-16T10:00:09","slug":"ne-20-janar-betohet-por-a-ndihet-i-sigurt-pas-trazirave-joe-biden-i-qarte","status":"publish","type":"post","link":"https:\/\/voranews.al\/?p=4186","title":{"rendered":"N\u00eb 20 Janar betohet, por a ndihet i sigurt pas trazirave? Joe Biden i qart\u00eb"},"content":{"rendered":"\n<p>Presidenti i zgjedhur Joe Biden u shpreh se ndihet i sigurt p\u00ebr ceremonin\u00eb e betimit n\u00eb Uashington n\u00eb dat\u00eb 20 Janar, pavar\u00ebsisht trazirave n\u00eb Kapitol n\u00eb dat\u00eb 6.<\/p>\n\n\n\n<p>Pasi paraqiti planin e tij p\u00ebr vaksinimet kund\u00ebr Covid-19, nj\u00eb gazetar e pyeti n\u00ebse ndihej i sigurt, pavar\u00ebsisht raporteve t\u00eb sh\u00ebrbimeve t\u00eb inteligjenc\u00ebs? \u201cPo\u201d, u p\u00ebrgjigj shkurtimisht Biden.<\/p>\n\n\n\n<p>Nd\u00ebrkoh\u00eb kryetarja e Dhom\u00ebs s\u00eb P\u00ebrfaq\u00ebsuesve Nancy Pelosi nuk pranoi t\u00eb komentonte kur mund t\u00eb fillonte gjyqi i Presidentit n\u00eb largim Donald Trump, i cili akuzohet p\u00ebr nxitje t\u00eb mb\u00ebshtet\u00ebsve t\u00eb tij p\u00ebr t\u00eb sulmuar Kapitolin.<\/p>\n\n\n\n<p><strong>100,000 mjek\u00eb dhe infermier\u00eb n\u00eb procesin e vaksinimit<\/strong><\/p>\n\n\n\n<p>Presidenti i zgjedhur demokrat Joe Biden ka njoftuar planet p\u00ebr t\u00eb ngritur mij\u00ebra qendra vaksinimi p\u00ebr t\u00eb p\u00ebrshpejtuar procesin n\u00eb Shtetet e Bashkuara.<\/p>\n\n\n\n<p>Plani i Joe Biden p\u00ebrfshin mobilizimin e 100,000 mjek\u00ebve dhe infermier\u00ebve p\u00ebr vaksinimet.<\/p>\n\n\n\n<p>M\u00eb par\u00eb, stafi i tij tha q\u00eb ata kishin nd\u00ebrmend t\u00eb k\u00ebrkonin nga Kongresi t\u00eb leht\u00ebsonte disa rregullore n\u00eb lidhje me licencimin e profesionist\u00ebve t\u00eb sh\u00ebndetit q\u00eb jan\u00eb n\u00eb pension.<\/p>\n","protected":false},"excerpt":{"rendered":"<p>Presidenti i zgjedhur Joe Biden u shpreh se ndihet i sigurt p\u00ebr ceremonin\u00eb e betimit n\u00eb Uashington n\u00eb dat\u00eb 20 Janar, pavar\u00ebsisht trazirave n\u00eb Kapitol n\u00eb dat\u00eb 6. Pasi paraqiti planin e tij p\u00ebr vaksinimet kund\u00ebr Covid-19, nj\u00eb gazetar e pyeti n\u00ebse ndihej i sigurt, pavar\u00ebsisht raporteve t\u00eb sh\u00ebrbimeve t\u00eb inteligjenc\u00ebs? \u201cPo\u201d, u p\u00ebrgjigj shkurtimisht &hellip;<\/p>\n","protected":false},"author":1,"featured_media":4187,"comment_status":"closed","ping_status":"closed","sticky":true,"template":"","format":"standard","meta":{"_jetpack_memberships_contains_paid_content":false,"footnotes":""},"categories":[38],"tags":[],"jetpack_sharing_enabled":true,"jetpack_featured_media_url":"https:\/\/voranews.al\/wp-content\/uploads\/2021\/01\/EEE857F2-2168-4CD3-A14E-842127EBC793.jpeg","_links":{"self":[{"href":"https:\/\/voranews.al\/index.php?rest_route=\/wp\/v2\/posts\/4186"}],"collection":[{"href":"https:\/\/voranews.al\/index.php?rest_route=\/wp\/v2\/posts"}],"about":[{"href":"https:\/\/voranews.al\/index.php?rest_route=\/wp\/v2\/types\/post"}],"author":[{"embeddable":true,"href":"https:\/\/voranews.al\/index.php?rest_route=\/wp\/v2\/users\/1"}],"replies":[{"embeddable":true,"href":"https:\/\/voranews.al\/index.php?rest_route=%2Fwp%2Fv2%2Fcomments&post=4186"}],"version-history":[{"count":1,"href":"https:\/\/voranews.al\/index.php?rest_route=\/wp\/v2\/posts\/4186\/revisions"}],"predecessor-version":[{"id":4188,"href":"https:\/\/voranews.al\/index.php?rest_route=\/wp\/v2\/posts\/4186\/revisions\/4188"}],"wp:featuredmedia":[{"embeddable":true,"href":"https:\/\/voranews.al\/index.php?rest_route=\/wp\/v2\/media\/4187"}],"wp:attachment":[{"href":"https:\/\/voranews.al\/index.php?rest_route=%2Fwp%2Fv2%2Fmedia&parent=4186"}],"wp:term":[{"taxonomy":"category","embeddable":true,"href":"https:\/\/voranews.al\/index.php?rest_route=%2Fwp%2Fv2%2Fcategories&post=4186"},{"taxonomy":"post_tag","embeddable":true,"href":"https:\/\/voranews.al\/index.php?rest_route=%2Fwp%2Fv2%2Ftags&post=4186"}],"curies":[{"name":"wp","href":"https:\/\/api.w.org\/{rel}","templated":true}]}}