{"id":4311,"date":"2021-01-19T09:28:02","date_gmt":"2021-01-19T08:28:02","guid":{"rendered":"https:\/\/voranews.al\/?p=4311"},"modified":"2021-01-19T09:28:07","modified_gmt":"2021-01-19T08:28:07","slug":"ne-prag-te-inagurimit-presidencial-shba-nen-masa-te-rrepta-sigurie","status":"publish","type":"post","link":"https:\/\/voranews.al\/?p=4311","title":{"rendered":"N\u00eb prag t\u00eb inagurimit presidencial, SHBA n\u00ebn masa t\u00eb rrepta sigurie"},"content":{"rendered":"\n<p><strong>SHBA-<\/strong>Zyrtar\u00ebt e siguris\u00eb n\u00eb Shtetet e Bashkuara thon\u00eb se po marrin t\u00eb gjitha masat paraprake p\u00ebr t\u00eb mbrojtur nga nj\u00eb sulm i mundsh\u00ebm gjat\u00eb inaugurimit t\u00eb Presidentit t\u00eb zgjedhur Joe Biden t\u00eb m\u00ebrkur\u00ebn n\u00eb shkall\u00ebt e Kapitolit t\u00eb SHBA, p\u00ebrfshir\u00eb kontrollin e siguris\u00eb nga FBI-ja t\u00eb 25,000 an\u00ebtar\u00ebve t\u00eb Gard\u00ebs Komb\u00ebtare t\u00eb dislokuar n\u00eb Uashington p\u00ebr ceremonin\u00eb.<\/p>\n\n\n\n<p><em>\u201cMegjith\u00ebse nuk kemi informacione zbulimi p\u00ebr ndonj\u00eb k\u00ebrc\u00ebnim t\u00eb brendsh\u00ebm, ne nuk po l\u00ebm\u00eb asnj\u00eb gur pa kthyer p\u00ebr t\u00eb siguruar kryeqytetin,\u201d tha n\u00eb nj\u00eb deklarat\u00eb sekretari n\u00eb detyr\u00eb i Mbrojtjes Christopher Miller.<\/em><\/p>\n\n\n\n<p>Ai tha se trupave po u b\u00ebhet trajnim shtes\u00eb nd\u00ebrsa mb\u00ebrrijn\u00eb n\u00eb Uashington dhe u \u00ebsht\u00eb th\u00ebn\u00eb se \u201cn\u00ebse shohin ose d\u00ebgjojn\u00eb di\u00e7ka q\u00eb nuk \u00ebsht\u00eb e p\u00ebrshtatshme, t\u2019ia raportojn\u00eb at\u00eb epror\u00ebve t\u00eb tyre n\u00eb zinxhirin e komand\u00ebs.\u201d<\/p>\n\n\n\n<p>Raportet e zbulimit amerikan kan\u00eb l\u00ebn\u00eb t\u00eb kuptohet q\u00eb disa protestues q\u00eb besojne se Presidenti n\u00eb largim Donald Trump u privua nga rizgjedhja p\u00ebr shkak t\u00eb mashtrimeve me votat, mund t\u00eb p\u00ebrpiqen t\u00eb prishin ceremonin\u00eb e betimit dhe inaugurimin e zotit Biden.<\/p>\n\n\n\n<p>Vendi ku do t\u00eb b\u00ebhet inaugurimi \u00ebsht\u00eb i rrethuar me gardh t\u00eb lart\u00eb t\u00eb mbuluar me tela me gjemba, mes masave t\u00eb pashembullta t\u00eb siguris\u00eb, q\u00eb nuk jan\u00eb par\u00eb n\u00eb inaugurimet e kaluara.<\/p>\n\n\n\n<p>N\u00eb Uashington, grupet ushtarake dhe muzikore marshuan p\u00ebrpara Sht\u00ebpis\u00eb s\u00eb Bardh\u00eb, duke b\u00ebr\u00eb prova p\u00ebr parad\u00ebn inauguruese t\u00eb zotit Biden, megjith\u00ebse aktiviteti \u00ebsht\u00eb reduktuar ndjesh\u00ebm krahasuar me inaugurimet e m\u00ebparshme p\u00ebr shkak t\u00eb numrit n\u00eb rritje t\u00eb rasteve t\u00eb koronavirusit n\u00eb SHBA.<\/p>\n\n\n\n<p>Pjesa m\u00eb e madhe e kremtimit t\u00eb inaugurimit t\u00eb zotit Biden do t\u00eb zhvillohet virtualisht, me grupe dhe banda muzikore q\u00eb do t\u00eb interpretojn\u00eb nga t\u00eb 50 shtetet e SHBA-s\u00eb.<\/p>\n\n\n\n<p>Nd\u00ebrsa mb\u00ebrrijn\u00eb n\u00eb Uashington t\u00eb Mart\u00ebn nga sht\u00ebpia e tyre n\u00eb shtetin lindor t\u00eb Deluer\u00eb, Joe dhe Jill Biden, si edhe n\u00ebnpresidentja e zgjedhur Kamala Harris dhe bashk\u00ebshorti i saj, Douglas Emhoff, planifikojn\u00eb t\u00eb ndezin 400 drita pran\u00eb memorialit Lincoln, p\u00ebr t\u00eb nderuar gati 400,000 amerikan\u00ebt q\u00eb kan\u00eb vdekur n\u00eb pandemin\u00eb e koronavirusit.<\/p>\n\n\n\n<p>Monumente t\u00eb tjera n\u00eb t\u00eb gjith\u00eb SHBA, p\u00ebrfshir\u00eb Empire State Building n\u00eb Nju Jork dhe Space Needle n\u00eb Seattle, Washington, po ndezin drita n\u00eb t\u00eb nj\u00ebjt\u00ebn koh\u00eb me ngjarjen e Uashingtonit.<\/p>\n\n\n\n<p>Zona e af\u00ebrt p\u00ebrreth Kapitolit, ku zoti Biden dhe zonja Harris do t\u00eb b\u00ebjn\u00eb betimin, \u00ebsht\u00eb kthyer praktikisht n\u00eb nj\u00eb fortes\u00eb t\u00eb blinduar.<\/p>\n\n\n\n<p>Autoritetet kan\u00eb mbyllur gjithashtu Sh\u00ebtitoren Komb\u00ebtare si edhe rrug\u00ebt dhe disa stacione metroje n\u00eb qendr\u00ebn e Uashingtonit. Urat q\u00eb lidhin Virxhinian me Uashingtonin gjithashtu po mbyllen. Mij\u00ebra trupa t\u00eb Gard\u00ebs Komb\u00ebtare dhe oficer\u00eb t\u00eb rendit jan\u00eb vendosur n\u00eb t\u00eb gjith\u00eb zon\u00ebn p\u00ebr t\u00eb marr\u00eb masat ndaj ndonj\u00eb dhune t\u00eb mundshme.<\/p>\n","protected":false},"excerpt":{"rendered":"<p>SHBA-Zyrtar\u00ebt e siguris\u00eb n\u00eb Shtetet e Bashkuara thon\u00eb se po marrin t\u00eb gjitha masat paraprake p\u00ebr t\u00eb mbrojtur nga nj\u00eb sulm i mundsh\u00ebm gjat\u00eb inaugurimit t\u00eb Presidentit t\u00eb zgjedhur Joe Biden t\u00eb m\u00ebrkur\u00ebn n\u00eb shkall\u00ebt e Kapitolit t\u00eb SHBA, p\u00ebrfshir\u00eb kontrollin e siguris\u00eb nga FBI-ja t\u00eb 25,000 an\u00ebtar\u00ebve t\u00eb Gard\u00ebs Komb\u00ebtare t\u00eb dislokuar n\u00eb Uashington &hellip;<\/p>\n","protected":false},"author":1,"featured_media":4312,"comment_status":"closed","ping_status":"closed","sticky":true,"template":"","format":"standard","meta":{"_jetpack_memberships_contains_paid_content":false,"footnotes":""},"categories":[38],"tags":[],"jetpack_sharing_enabled":true,"jetpack_featured_media_url":"https:\/\/voranews.al\/wp-content\/uploads\/2021\/01\/16FA0DAD-3CC4-49DE-A9B6-71385565FBF4.jpeg","_links":{"self":[{"href":"https:\/\/voranews.al\/index.php?rest_route=\/wp\/v2\/posts\/4311"}],"collection":[{"href":"https:\/\/voranews.al\/index.php?rest_route=\/wp\/v2\/posts"}],"about":[{"href":"https:\/\/voranews.al\/index.php?rest_route=\/wp\/v2\/types\/post"}],"author":[{"embeddable":true,"href":"https:\/\/voranews.al\/index.php?rest_route=\/wp\/v2\/users\/1"}],"replies":[{"embeddable":true,"href":"https:\/\/voranews.al\/index.php?rest_route=%2Fwp%2Fv2%2Fcomments&post=4311"}],"version-history":[{"count":1,"href":"https:\/\/voranews.al\/index.php?rest_route=\/wp\/v2\/posts\/4311\/revisions"}],"predecessor-version":[{"id":4313,"href":"https:\/\/voranews.al\/index.php?rest_route=\/wp\/v2\/posts\/4311\/revisions\/4313"}],"wp:featuredmedia":[{"embeddable":true,"href":"https:\/\/voranews.al\/index.php?rest_route=\/wp\/v2\/media\/4312"}],"wp:attachment":[{"href":"https:\/\/voranews.al\/index.php?rest_route=%2Fwp%2Fv2%2Fmedia&parent=4311"}],"wp:term":[{"taxonomy":"category","embeddable":true,"href":"https:\/\/voranews.al\/index.php?rest_route=%2Fwp%2Fv2%2Fcategories&post=4311"},{"taxonomy":"post_tag","embeddable":true,"href":"https:\/\/voranews.al\/index.php?rest_route=%2Fwp%2Fv2%2Ftags&post=4311"}],"curies":[{"name":"wp","href":"https:\/\/api.w.org\/{rel}","templated":true}]}}