{"id":4377,"date":"2021-01-20T21:51:04","date_gmt":"2021-01-20T20:51:04","guid":{"rendered":"https:\/\/voranews.al\/?p=4377"},"modified":"2021-01-20T21:51:10","modified_gmt":"2021-01-20T20:51:10","slug":"ogur-i-mire-inaugurimi-i-joe-biden-ne-nje-dite-me-diell-ndodh-pas-tre-dekadash","status":"publish","type":"post","link":"https:\/\/voranews.al\/?p=4377","title":{"rendered":"Ogur i mir\u00eb?\/ Inaugurimi i Joe Biden n\u00eb nj\u00eb dit\u00eb me diell, ndodh pas tre dekadash"},"content":{"rendered":"\n<p>Mund t\u00eb duket e \u00e7uditshme por mediat n\u00eb Amerik\u00eb i kan\u00eb kushtuar nj\u00eb v\u00ebmendje t\u00eb ve\u00e7ant\u00eb edhe koh\u00ebs n\u00eb Washington DC.<\/p>\n\n\n\n<p>Sipas CNN, kjo e sotmja kur do t\u00eb em\u00ebrohet Joe Biden si President \u00ebsht\u00eb nj\u00eb dit\u00eb me diell, por pas tre dekadash q\u00eb kur President u betua Bill Clinton.<\/p>\n\n\n\n<p>Sipas parashikimit, m\u00eb mesdit\u00eb priten temperatura rreth 45 grad\u00eb, pjes\u00ebrisht n\u00eb qiell kryesisht me diell. Gjat\u00eb ceremonis\u00eb priten po ashtu er\u00ebra nga 35 deri n\u00eb 40 mph, t\u00eb cilat do t\u00eb krijojn\u00eb disi ftohje. Por nj\u00eb mot i till\u00eb i kthjell\u00ebt nuk ishte par\u00eb prej tre dekadash t\u00eb inaugurimeve t\u00eb President\u00ebve t\u00eb SHBA.<\/p>\n\n\n\n<p><strong>Ja nj\u00eb v\u00ebshtrim i motit n\u00eb p\u00ebrurimet e fundit:<\/strong><\/p>\n\n\n\n<figure class=\"wp-block-image\"><img decoding=\"async\" src=\"https:\/\/ads.balkanweb.com\/www\/delivery\/lg.php?bannerid=0&amp;campaignid=0&amp;zoneid=629&amp;loc=https%3A%2F%2Fwww.balkanweb.com%2Fogur-i-mire-inaugurimi-i-joe-biden-behet-ne-nje-dite-me-diell-ndodh-pas-tre-dekadash%2F&amp;referer=https%3A%2F%2Fwww.balkanweb.com%2F&amp;cb=6ef1c512d1\" alt=\"\"\/><\/figure>\n\n\n\n<p>P\u00ebrurimi i Donald Trump 2017: Temperatura 48 grad\u00eb n\u00eb mesdit\u00eb. Me re. Shi i dob\u00ebt n\u00eb fillim t\u00eb parad\u00ebs.<\/p>\n\n\n\n<p>P\u00ebrurimi i Barack Obama 2013: Vran\u00ebsira. Temperatura prej 45 grad\u00eb n\u00eb mesdit\u00eb.<\/p>\n\n\n\n<p>P\u00ebrurimi i Obam\u00ebs n\u00eb vitin 2009: Dielli i z\u00ebn\u00eb nga ret\u00eb. Er\u00ebra me shpejt\u00ebsi rreth 20-25 mph.<\/p>\n\n\n\n<p>P\u00ebrurimi i George W. Bush n\u00eb vitin 2005: Kryesisht qiell me re me nj\u00eb temperatur\u00eb prej 35 grad\u00eb n\u00eb mesdit\u00eb. Rreth 1 in\u00e7 d\u00ebbor\u00eb.<\/p>\n\n\n\n<p>P\u00ebrurimi i Bushit n\u00eb vitin 2001: Nj\u00eb dit\u00eb e ftoht\u00eb e zymt\u00eb, me shi dhe mjegull, shikueshm\u00ebri deri n\u00eb 2 milje dhe nj\u00eb temperatur\u00eb prej 36 grad\u00eb n\u00eb mesdit\u00eb.<\/p>\n\n\n\n<p>P\u00ebrurimi i Bill Klintonit 1997: Temperatura prej 34 grad\u00eb n\u00eb mesdit\u00eb me qiell kryesisht t\u00eb vran\u00ebt.<\/p>\n\n\n\n<p>P\u00ebrurimi i Klintonit n\u00eb vitin 1993: Me diell dhe i k\u00ebndsh\u00ebm me nj\u00eb mesdit\u00eb me temperatura t\u00eb larta 40 grad\u00eb.<\/p>\n","protected":false},"excerpt":{"rendered":"<p>Mund t\u00eb duket e \u00e7uditshme por mediat n\u00eb Amerik\u00eb i kan\u00eb kushtuar nj\u00eb v\u00ebmendje t\u00eb ve\u00e7ant\u00eb edhe koh\u00ebs n\u00eb Washington DC. Sipas CNN, kjo e sotmja kur do t\u00eb em\u00ebrohet Joe Biden si President \u00ebsht\u00eb nj\u00eb dit\u00eb me diell, por pas tre dekadash q\u00eb kur President u betua Bill Clinton. Sipas parashikimit, m\u00eb mesdit\u00eb priten &hellip;<\/p>\n","protected":false},"author":1,"featured_media":4378,"comment_status":"closed","ping_status":"closed","sticky":true,"template":"","format":"standard","meta":{"_jetpack_memberships_contains_paid_content":false,"footnotes":""},"categories":[38],"tags":[],"jetpack_sharing_enabled":true,"jetpack_featured_media_url":"https:\/\/voranews.al\/wp-content\/uploads\/2021\/01\/C14FEA4C-A8E5-4C60-95C9-9B62159D8554.jpeg","_links":{"self":[{"href":"https:\/\/voranews.al\/index.php?rest_route=\/wp\/v2\/posts\/4377"}],"collection":[{"href":"https:\/\/voranews.al\/index.php?rest_route=\/wp\/v2\/posts"}],"about":[{"href":"https:\/\/voranews.al\/index.php?rest_route=\/wp\/v2\/types\/post"}],"author":[{"embeddable":true,"href":"https:\/\/voranews.al\/index.php?rest_route=\/wp\/v2\/users\/1"}],"replies":[{"embeddable":true,"href":"https:\/\/voranews.al\/index.php?rest_route=%2Fwp%2Fv2%2Fcomments&post=4377"}],"version-history":[{"count":1,"href":"https:\/\/voranews.al\/index.php?rest_route=\/wp\/v2\/posts\/4377\/revisions"}],"predecessor-version":[{"id":4379,"href":"https:\/\/voranews.al\/index.php?rest_route=\/wp\/v2\/posts\/4377\/revisions\/4379"}],"wp:featuredmedia":[{"embeddable":true,"href":"https:\/\/voranews.al\/index.php?rest_route=\/wp\/v2\/media\/4378"}],"wp:attachment":[{"href":"https:\/\/voranews.al\/index.php?rest_route=%2Fwp%2Fv2%2Fmedia&parent=4377"}],"wp:term":[{"taxonomy":"category","embeddable":true,"href":"https:\/\/voranews.al\/index.php?rest_route=%2Fwp%2Fv2%2Fcategories&post=4377"},{"taxonomy":"post_tag","embeddable":true,"href":"https:\/\/voranews.al\/index.php?rest_route=%2Fwp%2Fv2%2Ftags&post=4377"}],"curies":[{"name":"wp","href":"https:\/\/api.w.org\/{rel}","templated":true}]}}