{"id":4400,"date":"2021-01-21T20:10:38","date_gmt":"2021-01-21T19:10:38","guid":{"rendered":"https:\/\/voranews.al\/?p=4400"},"modified":"2021-01-21T20:10:43","modified_gmt":"2021-01-21T19:10:43","slug":"basha-publikon-videon-me-qytetare-te-revoltuar-bashke-do-te-sjellim-ndryshimin","status":"publish","type":"post","link":"https:\/\/voranews.al\/?p=4400","title":{"rendered":"Basha publikon videon me qytetar\u00eb t\u00eb revoltuar: Bashk\u00eb do t\u00eb sjellim ndryshimin"},"content":{"rendered":"\n<p>Kryetari i Partis\u00eb Demokratike, Lulzim Basha ka publikuar nj\u00eb video t\u00eb qytetar\u00ebve t\u00eb shqet\u00ebsuar t\u00eb cil\u00ebt me revolt\u00eb tregojn\u00eb se po p\u00ebsojn\u00eb nj\u00eb gjendje t\u00eb r\u00ebnduar ekonomike p\u00ebr shkak t\u00eb qeveris\u00eb aktuale. Ai premton se qeveria e nd\u00ebrtuar me Bash\u00ebn n\u00eb krye do t\u00eb sjell\u00eb ndryshimin.<\/p>\n\n\n\n<p>\u201cA nuk e ndjen edhe ti k\u00ebt\u00eb? Ai vet\u00ebm na grabit. Rama ka d\u00ebshtuar. Bashk\u00eb do t\u00eb sjellim ndryshimin p\u00ebr t\u00eb gjith\u00eb!\u201d, shkruan Basha.<\/p>\n","protected":false},"excerpt":{"rendered":"<p>Kryetari i Partis\u00eb Demokratike, Lulzim Basha ka publikuar nj\u00eb video t\u00eb qytetar\u00ebve t\u00eb shqet\u00ebsuar t\u00eb cil\u00ebt me revolt\u00eb tregojn\u00eb se po p\u00ebsojn\u00eb nj\u00eb gjendje t\u00eb r\u00ebnduar ekonomike p\u00ebr shkak t\u00eb qeveris\u00eb aktuale. Ai premton se qeveria e nd\u00ebrtuar me Bash\u00ebn n\u00eb krye do t\u00eb sjell\u00eb ndryshimin. \u201cA nuk e ndjen edhe ti k\u00ebt\u00eb? Ai vet\u00ebm &hellip;<\/p>\n","protected":false},"author":1,"featured_media":4401,"comment_status":"closed","ping_status":"closed","sticky":true,"template":"","format":"standard","meta":{"_jetpack_memberships_contains_paid_content":false,"footnotes":""},"categories":[20],"tags":[],"jetpack_sharing_enabled":true,"jetpack_featured_media_url":"https:\/\/voranews.al\/wp-content\/uploads\/2021\/01\/24F042AB-F841-4C72-A59F-9BBEA783EC92.jpeg","_links":{"self":[{"href":"https:\/\/voranews.al\/index.php?rest_route=\/wp\/v2\/posts\/4400"}],"collection":[{"href":"https:\/\/voranews.al\/index.php?rest_route=\/wp\/v2\/posts"}],"about":[{"href":"https:\/\/voranews.al\/index.php?rest_route=\/wp\/v2\/types\/post"}],"author":[{"embeddable":true,"href":"https:\/\/voranews.al\/index.php?rest_route=\/wp\/v2\/users\/1"}],"replies":[{"embeddable":true,"href":"https:\/\/voranews.al\/index.php?rest_route=%2Fwp%2Fv2%2Fcomments&post=4400"}],"version-history":[{"count":1,"href":"https:\/\/voranews.al\/index.php?rest_route=\/wp\/v2\/posts\/4400\/revisions"}],"predecessor-version":[{"id":4402,"href":"https:\/\/voranews.al\/index.php?rest_route=\/wp\/v2\/posts\/4400\/revisions\/4402"}],"wp:featuredmedia":[{"embeddable":true,"href":"https:\/\/voranews.al\/index.php?rest_route=\/wp\/v2\/media\/4401"}],"wp:attachment":[{"href":"https:\/\/voranews.al\/index.php?rest_route=%2Fwp%2Fv2%2Fmedia&parent=4400"}],"wp:term":[{"taxonomy":"category","embeddable":true,"href":"https:\/\/voranews.al\/index.php?rest_route=%2Fwp%2Fv2%2Fcategories&post=4400"},{"taxonomy":"post_tag","embeddable":true,"href":"https:\/\/voranews.al\/index.php?rest_route=%2Fwp%2Fv2%2Ftags&post=4400"}],"curies":[{"name":"wp","href":"https:\/\/api.w.org\/{rel}","templated":true}]}}