{"id":4501,"date":"2021-01-23T20:50:30","date_gmt":"2021-01-23T19:50:30","guid":{"rendered":"https:\/\/voranews.al\/?p=4501"},"modified":"2021-01-23T20:50:35","modified_gmt":"2021-01-23T19:50:35","slug":"belgjika-merr-masa-te-rrepta-anulohen-fluturimet-deri-ne-1-mars-kryeministri-udhetimet-do-te-mbahen-vetem-per-raste-urgjente","status":"publish","type":"post","link":"https:\/\/voranews.al\/?p=4501","title":{"rendered":"Belgjika merr masa t\u00eb rrepta, anulohen fluturimet deri n\u00eb 1 mars, kryeministri: Udh\u00ebtimet do t\u00eb mbahen vet\u00ebm p\u00ebr raste urgjente"},"content":{"rendered":"\n<p><strong>BELGJIK\u00cb-<\/strong>\u00a0Belgjika ka anuluar t\u00eb gjitha udh\u00ebtimet me shtetet e tjera p\u00ebr shkak t\u00eb numrit t\u00eb lart\u00eb t\u00eb infektimeve. Lajmin e ka b\u00ebr\u00eb t\u00eb ditur\u00a0<a>APNews,<\/a>\u00a0ku shkruan se kjo \u00ebsht\u00eb nj\u00eb p\u00ebrpjekje p\u00ebr t\u00eb ulur rastet e shumta t\u00eb infektimeve si edhe p\u00ebr t\u00eb mos marr\u00eb variantet e tjera t\u00eb virusit.<\/p>\n\n\n\n<p>Udh\u00ebtimet n\u00eb Belgjik\u00eb do t\u00eb ndalohen deri n\u00eb 1 mars, nd\u00ebrsa t\u00eb vetmit q\u00eb do t\u00eb leohen t\u00eb udh\u00ebtojn\u00eb jan\u00eb personat q\u00eb kan\u00eb pun\u00eb t\u00eb r\u00ebnd\u00ebsishme ose urgjente. Nd\u00ebrkoh\u00eb q\u00eb t\u00eb gjith\u00eb personat q\u00eb futen n\u00eb Belgjik\u00eb duhet t\u00eb karantinohen&nbsp; \u00ebpr 19 dit\u00eb n\u00eb m\u00ebnyr\u00eb q\u00eb t\u00eb mos p\u00ebrhapin mutacionet e Covid.<\/p>\n\n\n\n<p>Kryeministri belg, Alexander De Cro tha se do tw \u201cndwrtohet njw mur\u201d rreth Belgikws pwr tw mos pwrhapur virusin.<\/p>\n\n\n\n<p><em>\u201cNe do t\u00eb nd\u00ebrtojm\u00eb nj\u00eb mur rreth Belgjik\u00ebs, mund t\u00eb shkojm\u00eb n\u00eb vende t\u00eb tjera, por vet\u00ebm p\u00ebr arsye thelb\u00ebsore. Situata \u00ebsht\u00eb stabilizuar n\u00eb jav\u00ebt e fundit, rreth 2,000 raste n\u00eb dit\u00eb, por rreziku nuk \u00ebsht\u00eb zhdukur,\u201d<\/em>tha De Cro.<\/p>\n\n\n\n<p>Q\u00eb nga fillimi i pandemis\u00eb deri tani n\u00eb Belgjik\u00eb jan\u00eb regjistruar 689,271 persona me Covid, nd\u00ebrsa 20,675 t\u00eb tjer\u00eb kan\u00eb humbur jet\u00ebn.<\/p>\n","protected":false},"excerpt":{"rendered":"<p>BELGJIK\u00cb-\u00a0Belgjika ka anuluar t\u00eb gjitha udh\u00ebtimet me shtetet e tjera p\u00ebr shkak t\u00eb numrit t\u00eb lart\u00eb t\u00eb infektimeve. Lajmin e ka b\u00ebr\u00eb t\u00eb ditur\u00a0APNews,\u00a0ku shkruan se kjo \u00ebsht\u00eb nj\u00eb p\u00ebrpjekje p\u00ebr t\u00eb ulur rastet e shumta t\u00eb infektimeve si edhe p\u00ebr t\u00eb mos marr\u00eb variantet e tjera t\u00eb virusit. Udh\u00ebtimet n\u00eb Belgjik\u00eb do t\u00eb ndalohen &hellip;<\/p>\n","protected":false},"author":1,"featured_media":4502,"comment_status":"closed","ping_status":"closed","sticky":true,"template":"","format":"standard","meta":{"_jetpack_memberships_contains_paid_content":false,"footnotes":""},"categories":[38],"tags":[],"jetpack_sharing_enabled":true,"jetpack_featured_media_url":"https:\/\/voranews.al\/wp-content\/uploads\/2021\/01\/A35A4F6F-B64A-48D0-93E1-D323889285D1.jpeg","_links":{"self":[{"href":"https:\/\/voranews.al\/index.php?rest_route=\/wp\/v2\/posts\/4501"}],"collection":[{"href":"https:\/\/voranews.al\/index.php?rest_route=\/wp\/v2\/posts"}],"about":[{"href":"https:\/\/voranews.al\/index.php?rest_route=\/wp\/v2\/types\/post"}],"author":[{"embeddable":true,"href":"https:\/\/voranews.al\/index.php?rest_route=\/wp\/v2\/users\/1"}],"replies":[{"embeddable":true,"href":"https:\/\/voranews.al\/index.php?rest_route=%2Fwp%2Fv2%2Fcomments&post=4501"}],"version-history":[{"count":1,"href":"https:\/\/voranews.al\/index.php?rest_route=\/wp\/v2\/posts\/4501\/revisions"}],"predecessor-version":[{"id":4503,"href":"https:\/\/voranews.al\/index.php?rest_route=\/wp\/v2\/posts\/4501\/revisions\/4503"}],"wp:featuredmedia":[{"embeddable":true,"href":"https:\/\/voranews.al\/index.php?rest_route=\/wp\/v2\/media\/4502"}],"wp:attachment":[{"href":"https:\/\/voranews.al\/index.php?rest_route=%2Fwp%2Fv2%2Fmedia&parent=4501"}],"wp:term":[{"taxonomy":"category","embeddable":true,"href":"https:\/\/voranews.al\/index.php?rest_route=%2Fwp%2Fv2%2Fcategories&post=4501"},{"taxonomy":"post_tag","embeddable":true,"href":"https:\/\/voranews.al\/index.php?rest_route=%2Fwp%2Fv2%2Ftags&post=4501"}],"curies":[{"name":"wp","href":"https:\/\/api.w.org\/{rel}","templated":true}]}}