{"id":4554,"date":"2021-01-24T20:50:34","date_gmt":"2021-01-24T19:50:34","guid":{"rendered":"https:\/\/voranews.al\/?p=4554"},"modified":"2021-01-24T20:50:39","modified_gmt":"2021-01-24T19:50:39","slug":"neser-takimi-turqi-greqi-mediat-ne-athine-dy-arsyet-qe-detyruan-erdoganin-te-ulet-ne-tryeze","status":"publish","type":"post","link":"https:\/\/voranews.al\/?p=4554","title":{"rendered":"Nes\u00ebr takimi Turqi-Greqi, mediat n\u00eb Athin\u00eb: Dy arsyet q\u00eb detyruan Erdoganin t\u00eb ulet n\u00eb tryez\u00eb"},"content":{"rendered":"\n<p>Pas 5 viteve larg dialogut dhe nj\u00eb vjeshte n\u00eb prag lufte, Turqia dhe Greqia nes\u00ebr do t\u00eb ulen n\u00eb tryez\u00ebn e bisedimeve p\u00ebr konfliktin p\u00ebr kufirin detar.<\/p>\n\n\n\n<p>Mediat greke raportojn\u00eb se delegacioni i Athin\u00ebs ka zbarkuar n\u00eb Turqi dhe takimi nes\u00ebr (25 janar) do t\u00eb zhvillohet n\u00eb nj\u00eb ambient me pamje nga Bosfori.<\/p>\n\n\n\n<p>Por si po interpretohet tryeza n\u00eb Greqi? Mediat n\u00eb Athin\u00eb shkruajn\u00eb se synimet e Turqis\u00eb jan\u00eb pak a shum\u00eb t\u00eb njohura. \u201cKthesa e papritur e udh\u00ebheqjes turke \u00ebsht\u00eb e lidhur drejtp\u00ebrdrejt me dy faktor\u00eb kryesor\u00eb.<\/p>\n\n\n\n<p>E para frika e sanksioneve t\u00eb BE n\u00eb mars ndaj Ankaras\u00eb, q\u00eb do i jepte nj\u00eb goditje vendimtare ekonomis\u00eb turke, me koston p\u00ebr qeverin\u00eb Erdogan t\u00eb kuptueshme leht\u00ebsisht.<\/p>\n\n\n\n<p>Me pak fjal\u00eb, Erdogan synon t\u00eb arrij\u00eb n\u00eb samitin e Marsit pa ndonj\u00eb surpriz\u00eb t\u00eb pak\u00ebndshme.<\/p>\n\n\n\n<p>Faktori i dyt\u00eb vendimtar n\u00eb \u201cd\u00ebshir\u00ebn\u201d e Turqis\u00eb p\u00ebr dialog ka t\u00eb b\u00ebj\u00eb me ndryshimin e qeveris\u00eb n\u00eb Shtetet e Bashkuara dhe pasigurin\u00eb rreth synimeve t\u00eb Uashingtonit n\u00eb \u201cepok\u00ebn e Biden\u201d p\u00ebr q\u00ebndrimin e tij n\u00eb Mesdheun Lindor, si dhe brenda NATO-s\u201d shkruan<em><strong><a href=\"https:\/\/www.tanea.gr\/2021\/01\/24\/politics\/metavainei-stin-konstantinoupoli-i-elliniki-diplomatiki-apostoli-oi-stoxoi-tisagkyras-kai-oi-prosdokies-tis-athinas-apo-ton-dialogo\/\">&nbsp;Tanea<\/a><\/strong><\/em>.<\/p>\n","protected":false},"excerpt":{"rendered":"<p>Pas 5 viteve larg dialogut dhe nj\u00eb vjeshte n\u00eb prag lufte, Turqia dhe Greqia nes\u00ebr do t\u00eb ulen n\u00eb tryez\u00ebn e bisedimeve p\u00ebr konfliktin p\u00ebr kufirin detar. Mediat greke raportojn\u00eb se delegacioni i Athin\u00ebs ka zbarkuar n\u00eb Turqi dhe takimi nes\u00ebr (25 janar) do t\u00eb zhvillohet n\u00eb nj\u00eb ambient me pamje nga Bosfori. Por si &hellip;<\/p>\n","protected":false},"author":1,"featured_media":4555,"comment_status":"closed","ping_status":"closed","sticky":true,"template":"","format":"standard","meta":{"_jetpack_memberships_contains_paid_content":false,"footnotes":""},"categories":[38],"tags":[],"jetpack_sharing_enabled":true,"jetpack_featured_media_url":"https:\/\/voranews.al\/wp-content\/uploads\/2021\/01\/E95AC391-E1BE-4933-8940-C2F5DC318615.jpeg","_links":{"self":[{"href":"https:\/\/voranews.al\/index.php?rest_route=\/wp\/v2\/posts\/4554"}],"collection":[{"href":"https:\/\/voranews.al\/index.php?rest_route=\/wp\/v2\/posts"}],"about":[{"href":"https:\/\/voranews.al\/index.php?rest_route=\/wp\/v2\/types\/post"}],"author":[{"embeddable":true,"href":"https:\/\/voranews.al\/index.php?rest_route=\/wp\/v2\/users\/1"}],"replies":[{"embeddable":true,"href":"https:\/\/voranews.al\/index.php?rest_route=%2Fwp%2Fv2%2Fcomments&post=4554"}],"version-history":[{"count":1,"href":"https:\/\/voranews.al\/index.php?rest_route=\/wp\/v2\/posts\/4554\/revisions"}],"predecessor-version":[{"id":4556,"href":"https:\/\/voranews.al\/index.php?rest_route=\/wp\/v2\/posts\/4554\/revisions\/4556"}],"wp:featuredmedia":[{"embeddable":true,"href":"https:\/\/voranews.al\/index.php?rest_route=\/wp\/v2\/media\/4555"}],"wp:attachment":[{"href":"https:\/\/voranews.al\/index.php?rest_route=%2Fwp%2Fv2%2Fmedia&parent=4554"}],"wp:term":[{"taxonomy":"category","embeddable":true,"href":"https:\/\/voranews.al\/index.php?rest_route=%2Fwp%2Fv2%2Fcategories&post=4554"},{"taxonomy":"post_tag","embeddable":true,"href":"https:\/\/voranews.al\/index.php?rest_route=%2Fwp%2Fv2%2Ftags&post=4554"}],"curies":[{"name":"wp","href":"https:\/\/api.w.org\/{rel}","templated":true}]}}