{"id":4582,"date":"2021-01-25T16:40:46","date_gmt":"2021-01-25T15:40:46","guid":{"rendered":"https:\/\/voranews.al\/?p=4582"},"modified":"2021-01-25T16:40:51","modified_gmt":"2021-01-25T15:40:51","slug":"sherr-me-policin-reperi-i-njohur-perfundon-ne-pranga","status":"publish","type":"post","link":"https:\/\/voranews.al\/?p=4582","title":{"rendered":"Sherr me policin, reperi i njohur p\u00ebrfundon n\u00eb pranga"},"content":{"rendered":"\n<p>Trey Songz \u00ebsht\u00eb nj\u00eb nd\u00ebr reper\u00ebt m\u00eb t\u00eb njohur n\u00eb SHBA, dhe jo vet\u00ebm.<\/p>\n\n\n\n<p>S\u00eb fundmi ai ka p\u00ebrfunduar i arrestuar pasi u konfliktua me nj\u00eb polic.<\/p>\n\n\n\n<p>Ai u konfliktua me nj\u00eb oficer n\u00eb stadiumin \u201cArro\u00ebhead\u201d n\u00eb Kansas City, ku po zhvillohej loja e kampionatit t\u00eb futbollit amerikan nd\u00ebrmjet ekipeve, \u201cKansas City Chiefs\u201d dhe \u201cBuffalo Bills\u201d.<\/p>\n\n\n\n<p>D\u00ebshmitar\u00ebt q\u00eb kan\u00eb par\u00eb gjith\u00e7ka thon\u00eb se Trey ishte bezdisur nga disa adhurues t\u00eb cil\u00ebve u kishte k\u00ebrkuar ta mbajn\u00eb qet\u00ebsi.<\/p>\n\n\n\n<p>M\u00eb pas nj\u00eb polic e kishte sulmuar fizikisht 36-vje\u00e7arin, dhe ky i fundit iu p\u00ebrgjigj me t\u00eb nj\u00ebjt\u00ebn form\u00eb.<\/p>\n","protected":false},"excerpt":{"rendered":"<p>Trey Songz \u00ebsht\u00eb nj\u00eb nd\u00ebr reper\u00ebt m\u00eb t\u00eb njohur n\u00eb SHBA, dhe jo vet\u00ebm. S\u00eb fundmi ai ka p\u00ebrfunduar i arrestuar pasi u konfliktua me nj\u00eb polic. Ai u konfliktua me nj\u00eb oficer n\u00eb stadiumin \u201cArro\u00ebhead\u201d n\u00eb Kansas City, ku po zhvillohej loja e kampionatit t\u00eb futbollit amerikan nd\u00ebrmjet ekipeve, \u201cKansas City Chiefs\u201d dhe \u201cBuffalo &hellip;<\/p>\n","protected":false},"author":1,"featured_media":4583,"comment_status":"closed","ping_status":"closed","sticky":true,"template":"","format":"standard","meta":{"_jetpack_memberships_contains_paid_content":false,"footnotes":""},"categories":[38],"tags":[],"jetpack_sharing_enabled":true,"jetpack_featured_media_url":"https:\/\/voranews.al\/wp-content\/uploads\/2021\/01\/FA331B93-BC72-43B5-926C-376CB4787CC9.jpeg","_links":{"self":[{"href":"https:\/\/voranews.al\/index.php?rest_route=\/wp\/v2\/posts\/4582"}],"collection":[{"href":"https:\/\/voranews.al\/index.php?rest_route=\/wp\/v2\/posts"}],"about":[{"href":"https:\/\/voranews.al\/index.php?rest_route=\/wp\/v2\/types\/post"}],"author":[{"embeddable":true,"href":"https:\/\/voranews.al\/index.php?rest_route=\/wp\/v2\/users\/1"}],"replies":[{"embeddable":true,"href":"https:\/\/voranews.al\/index.php?rest_route=%2Fwp%2Fv2%2Fcomments&post=4582"}],"version-history":[{"count":1,"href":"https:\/\/voranews.al\/index.php?rest_route=\/wp\/v2\/posts\/4582\/revisions"}],"predecessor-version":[{"id":4584,"href":"https:\/\/voranews.al\/index.php?rest_route=\/wp\/v2\/posts\/4582\/revisions\/4584"}],"wp:featuredmedia":[{"embeddable":true,"href":"https:\/\/voranews.al\/index.php?rest_route=\/wp\/v2\/media\/4583"}],"wp:attachment":[{"href":"https:\/\/voranews.al\/index.php?rest_route=%2Fwp%2Fv2%2Fmedia&parent=4582"}],"wp:term":[{"taxonomy":"category","embeddable":true,"href":"https:\/\/voranews.al\/index.php?rest_route=%2Fwp%2Fv2%2Fcategories&post=4582"},{"taxonomy":"post_tag","embeddable":true,"href":"https:\/\/voranews.al\/index.php?rest_route=%2Fwp%2Fv2%2Ftags&post=4582"}],"curies":[{"name":"wp","href":"https:\/\/api.w.org\/{rel}","templated":true}]}}