{"id":4661,"date":"2021-01-27T10:36:56","date_gmt":"2021-01-27T09:36:56","guid":{"rendered":"https:\/\/voranews.al\/?p=4661"},"modified":"2021-01-27T10:37:01","modified_gmt":"2021-01-27T09:37:01","slug":"dita-nderkombetare-e-kujteses-meta-bota-te-ndjeke-shembullin-tone-ne-rastin-e-hebrenjve","status":"publish","type":"post","link":"https:\/\/voranews.al\/?p=4661","title":{"rendered":"Dita Nd\u00ebrkomb\u00ebtare e Kujtes\u00ebs, Meta: Bota t\u00eb ndjek\u00eb shembullin ton\u00eb n\u00eb rastin e hebrenjve"},"content":{"rendered":"\n<p>Presidenti Ilir Meta, n\u00eb Dit\u00ebn Nd\u00ebrkomb\u00ebtare t\u00eb Kujtes\u00ebs, shprehet si i bashkohet lutjeve p\u00ebr miliona viktimat e Holokaustit. Po ashtu, kreu i shtetit n\u00eb nj\u00eb postim n\u00eb Facebook, shkruan se i bashkohet lutjeve edhe p\u00ebr ata q\u00eb i mbijetuan \u201ctragjedis\u00eb m\u00eb t\u00eb tmerrshme njer\u00ebzore t\u00eb koh\u00ebrave tona.\u201d<\/p>\n\n\n\n<p>Meta kujton se Shqip\u00ebria ishte i vetmi vend n\u00eb Europ\u00eb, \u201cku nuk humbi jet\u00ebn asnj\u00eb hebre dhe askush prej tyre nuk iu dor\u00ebzua pushtuesve nazist\u00eb, duke dal\u00eb nga ajo periudh\u00eb e err\u00ebt, me nj\u00eb popullsi hebraike m\u00eb t\u00eb madhe n\u00eb num\u00ebr nga \u00e7\u2019kishte para fillimit t\u00eb Luft\u00ebs.\u201d<\/p>\n\n\n\n<p>Ndihemi krenar\u00eb, shton kreu i shtetit, \u201cdhe e gjith\u00eb bota duhet t\u00eb ndjek\u00eb shembullin frym\u00ebzues shqiptar dhe Kodin ton\u00eb t\u00eb nderit e t\u00eb mikpritjes.\u201d<\/p>\n\n\n\n<p><strong>POSTIMI<\/strong><\/p>\n\n\n\n<p><em>\u201cSot, n\u00eb Dit\u00ebn Nd\u00ebrkomb\u00ebtare t\u00eb Kujtes\u00ebs, u bashkohem lutjeve p\u00ebr miliona viktima t\u00eb pafajshme t\u00eb mizoris\u00eb s\u00eb Holokaustit dhe p\u00ebr t\u00eb gjith\u00eb ata, t\u00eb cil\u00ebt i mbijetuan tragjedis\u00eb m\u00eb t\u00eb tmerrshme njer\u00ebzore t\u00eb koh\u00ebrave tona dhe jan\u00eb sot d\u00ebshmitar\u00eb t\u00eb gjall\u00eb t\u00eb saj, p\u00ebr t\u00eb na inkurajuar, q\u00eb t\u00eb mos lejojm\u00eb KURR\u00cb M\u00cb t\u00eb tilla gjenocide e akte \u00e7njer\u00ebzore.<\/em><em>Shqip\u00ebria ishte i vetmi vend n\u00eb Europ\u00eb, ku nuk humbi jet\u00ebn asnj\u00eb hebre dhe askush prej tyre nuk iu dor\u00ebzua pushtuesve nazist\u00eb, duke dal\u00eb nga ajo periudh\u00eb e err\u00ebt, me nj\u00eb popullsi hebraike m\u00eb t\u00eb madhe n\u00eb num\u00ebr nga \u00e7\u2019kishte para fillimit t\u00eb Luft\u00ebs.<\/em><em>Ndihemi jasht\u00ebzakonisht krenar\u00eb dhe e gjith\u00eb bota duhet t\u00eb ndjek\u00eb shembullin frym\u00ebzues shqiptar dhe Kodin ton\u00eb t\u00eb nderit e t\u00eb mikpritjes BESA!<\/em><em>I lumtur, q\u00eb sot Shqip\u00ebria dhe Izraeli ndajn\u00eb t\u00eb nj\u00ebjtat vlera t\u00eb paqes, liris\u00eb dhe demokracis\u00eb dhe jan\u00eb bashk\u00ebrisht t\u00eb angazhuara n\u00eb luft\u00ebn ndaj terrorizmit dhe antisemitizmit, p\u00ebr promovimin e toleranc\u00ebs, bashk\u00ebjetes\u00ebs dhe p\u00ebrkujtimit t\u00eb Holokaustit.\u201d&nbsp;<\/em><\/p>\n","protected":false},"excerpt":{"rendered":"<p>Presidenti Ilir Meta, n\u00eb Dit\u00ebn Nd\u00ebrkomb\u00ebtare t\u00eb Kujtes\u00ebs, shprehet si i bashkohet lutjeve p\u00ebr miliona viktimat e Holokaustit. Po ashtu, kreu i shtetit n\u00eb nj\u00eb postim n\u00eb Facebook, shkruan se i bashkohet lutjeve edhe p\u00ebr ata q\u00eb i mbijetuan \u201ctragjedis\u00eb m\u00eb t\u00eb tmerrshme njer\u00ebzore t\u00eb koh\u00ebrave tona.\u201d Meta kujton se Shqip\u00ebria ishte i vetmi vend &hellip;<\/p>\n","protected":false},"author":1,"featured_media":4662,"comment_status":"closed","ping_status":"closed","sticky":true,"template":"","format":"standard","meta":{"_jetpack_memberships_contains_paid_content":false,"footnotes":""},"categories":[20],"tags":[],"jetpack_sharing_enabled":true,"jetpack_featured_media_url":"https:\/\/voranews.al\/wp-content\/uploads\/2021\/01\/FD7132BB-C4C3-40C4-B7DF-EF6A3CB2B068.jpeg","_links":{"self":[{"href":"https:\/\/voranews.al\/index.php?rest_route=\/wp\/v2\/posts\/4661"}],"collection":[{"href":"https:\/\/voranews.al\/index.php?rest_route=\/wp\/v2\/posts"}],"about":[{"href":"https:\/\/voranews.al\/index.php?rest_route=\/wp\/v2\/types\/post"}],"author":[{"embeddable":true,"href":"https:\/\/voranews.al\/index.php?rest_route=\/wp\/v2\/users\/1"}],"replies":[{"embeddable":true,"href":"https:\/\/voranews.al\/index.php?rest_route=%2Fwp%2Fv2%2Fcomments&post=4661"}],"version-history":[{"count":1,"href":"https:\/\/voranews.al\/index.php?rest_route=\/wp\/v2\/posts\/4661\/revisions"}],"predecessor-version":[{"id":4663,"href":"https:\/\/voranews.al\/index.php?rest_route=\/wp\/v2\/posts\/4661\/revisions\/4663"}],"wp:featuredmedia":[{"embeddable":true,"href":"https:\/\/voranews.al\/index.php?rest_route=\/wp\/v2\/media\/4662"}],"wp:attachment":[{"href":"https:\/\/voranews.al\/index.php?rest_route=%2Fwp%2Fv2%2Fmedia&parent=4661"}],"wp:term":[{"taxonomy":"category","embeddable":true,"href":"https:\/\/voranews.al\/index.php?rest_route=%2Fwp%2Fv2%2Fcategories&post=4661"},{"taxonomy":"post_tag","embeddable":true,"href":"https:\/\/voranews.al\/index.php?rest_route=%2Fwp%2Fv2%2Ftags&post=4661"}],"curies":[{"name":"wp","href":"https:\/\/api.w.org\/{rel}","templated":true}]}}