{"id":4732,"date":"2021-01-28T23:46:36","date_gmt":"2021-01-28T22:46:36","guid":{"rendered":"https:\/\/voranews.al\/?p=4732"},"modified":"2021-01-28T23:46:41","modified_gmt":"2021-01-28T22:46:41","slug":"tragjedi-ne-greqi-dy-alpiniste-humbin-jeten-nga-orteku-ne-malin-e-olimpit-me-profesion-ishin-mjeke","status":"publish","type":"post","link":"https:\/\/voranews.al\/?p=4732","title":{"rendered":"Tragjedi n\u00eb Greqi, dy alpinist\u00eb humbin jet\u00ebn nga orteku n\u00eb Malin e Olimpit, me profesion ishin mjek\u00eb"},"content":{"rendered":"\n<h3 class=\"wp-block-heading\">GREQI<\/h3>\n\n\n\n<p>Nj\u00eb\u00a0 tragjedi ka ndodhur k\u00ebt\u00eb\u00a0 t\u00eb\u00a0 enjte n\u00eb\u00a0 Greqi teksa dy alpinist\u00eb\u00a0 kan\u00eb\u00a0 gjetur vdekjen n\u00eb malin e famsh\u00ebm t\u00eb Olimpit.<\/p>\n\n\n\n<p>Alpinist\u00ebt u godit\u00ebn nga orteku i d\u00ebbor\u00ebs teksa po ngjiteshin me nj\u00eb grup tjet\u00ebr. N\u00eb bor\u00eb ngec\u00ebn tre prej tyre, teksa dy tashm\u00eb jan\u00eb t\u00eb vdekur kurse i treti mundi t\u00eb shp\u00ebtoj\u00eb, por po punohet p\u00ebr ta nxjerr\u00eb nga vendi ku ka ngecur.<\/p>\n\n\n\n<p>M\u00ebsohet nga mediat greke se dy viktimat e mosh\u00ebs 47 dhe 52 vje\u00e7 ishin mjek\u00eb n\u00eb Larisa, por duket e aventura n\u00eb Olimp i ka marr\u00eb jet\u00ebn.<\/p>\n","protected":false},"excerpt":{"rendered":"<p>GREQI Nj\u00eb\u00a0 tragjedi ka ndodhur k\u00ebt\u00eb\u00a0 t\u00eb\u00a0 enjte n\u00eb\u00a0 Greqi teksa dy alpinist\u00eb\u00a0 kan\u00eb\u00a0 gjetur vdekjen n\u00eb malin e famsh\u00ebm t\u00eb Olimpit. Alpinist\u00ebt u godit\u00ebn nga orteku i d\u00ebbor\u00ebs teksa po ngjiteshin me nj\u00eb grup tjet\u00ebr. N\u00eb bor\u00eb ngec\u00ebn tre prej tyre, teksa dy tashm\u00eb jan\u00eb t\u00eb vdekur kurse i treti mundi t\u00eb shp\u00ebtoj\u00eb, por &hellip;<\/p>\n","protected":false},"author":1,"featured_media":4733,"comment_status":"closed","ping_status":"closed","sticky":true,"template":"","format":"standard","meta":{"_jetpack_memberships_contains_paid_content":false,"footnotes":""},"categories":[38],"tags":[],"jetpack_sharing_enabled":true,"jetpack_featured_media_url":"https:\/\/voranews.al\/wp-content\/uploads\/2021\/01\/45D5A7E6-5DFA-4DD5-9723-29B48BDD5038.jpeg","_links":{"self":[{"href":"https:\/\/voranews.al\/index.php?rest_route=\/wp\/v2\/posts\/4732"}],"collection":[{"href":"https:\/\/voranews.al\/index.php?rest_route=\/wp\/v2\/posts"}],"about":[{"href":"https:\/\/voranews.al\/index.php?rest_route=\/wp\/v2\/types\/post"}],"author":[{"embeddable":true,"href":"https:\/\/voranews.al\/index.php?rest_route=\/wp\/v2\/users\/1"}],"replies":[{"embeddable":true,"href":"https:\/\/voranews.al\/index.php?rest_route=%2Fwp%2Fv2%2Fcomments&post=4732"}],"version-history":[{"count":1,"href":"https:\/\/voranews.al\/index.php?rest_route=\/wp\/v2\/posts\/4732\/revisions"}],"predecessor-version":[{"id":4734,"href":"https:\/\/voranews.al\/index.php?rest_route=\/wp\/v2\/posts\/4732\/revisions\/4734"}],"wp:featuredmedia":[{"embeddable":true,"href":"https:\/\/voranews.al\/index.php?rest_route=\/wp\/v2\/media\/4733"}],"wp:attachment":[{"href":"https:\/\/voranews.al\/index.php?rest_route=%2Fwp%2Fv2%2Fmedia&parent=4732"}],"wp:term":[{"taxonomy":"category","embeddable":true,"href":"https:\/\/voranews.al\/index.php?rest_route=%2Fwp%2Fv2%2Fcategories&post=4732"},{"taxonomy":"post_tag","embeddable":true,"href":"https:\/\/voranews.al\/index.php?rest_route=%2Fwp%2Fv2%2Ftags&post=4732"}],"curies":[{"name":"wp","href":"https:\/\/api.w.org\/{rel}","templated":true}]}}