{"id":4765,"date":"2021-01-29T19:48:34","date_gmt":"2021-01-29T18:48:34","guid":{"rendered":"https:\/\/voranews.al\/?p=4765"},"modified":"2021-01-29T19:48:38","modified_gmt":"2021-01-29T18:48:38","slug":"spitali-covid-perfshihet-nga-flaket-e-zjarrit-4-persona-te-vdekur-dhe-102-paciente-te-evakuar","status":"publish","type":"post","link":"https:\/\/voranews.al\/?p=4765","title":{"rendered":"Spitali covid p\u00ebrfshihet nga flak\u00ebt e zjarrit, 4 persona t\u00eb vdekur dhe 102 pacient\u00eb t\u00eb evakuar"},"content":{"rendered":"\n<p><strong>Rumani- Kat\u00ebr persona mbet\u00ebn t\u00eb vdekur n\u00eb nj\u00eb spital Covid n\u00eb kryeqytetin rumun p\u00ebr shkak t\u00eb shp\u00ebrthimit t\u00eb zjarrit.<\/strong><\/p>\n\n\n\n<p>Ngjarja ka ndodhur k\u00ebt\u00eb m\u00ebngjes,<strong>&nbsp;nd\u00ebrsa autoritetet b\u00ebjn\u00eb me dije se 102 pacient\u00eb t\u00eb tjer\u00eb jan\u00eb evakuar.<\/strong><\/p>\n\n\n\n<p>Raportohet se zjarri n\u00eb nd\u00ebrtes\u00eb ka r\u00ebn\u00eb n\u00eb pas mesnat\u00eb n\u00eb nj\u00eb nga nd\u00ebrtesat e spitalit Mateis Bals n\u00eb Bukuresht.<\/p>\n\n\n\n<p>Sakaq kan\u00eb nisur edhe hetimet p\u00ebr t\u00eb zbardhur edhe shkakun e zjarrit, shkruajn\u00eb mediat e huaja.<\/p>\n","protected":false},"excerpt":{"rendered":"<p>Rumani- Kat\u00ebr persona mbet\u00ebn t\u00eb vdekur n\u00eb nj\u00eb spital Covid n\u00eb kryeqytetin rumun p\u00ebr shkak t\u00eb shp\u00ebrthimit t\u00eb zjarrit. Ngjarja ka ndodhur k\u00ebt\u00eb m\u00ebngjes,&nbsp;nd\u00ebrsa autoritetet b\u00ebjn\u00eb me dije se 102 pacient\u00eb t\u00eb tjer\u00eb jan\u00eb evakuar. Raportohet se zjarri n\u00eb nd\u00ebrtes\u00eb ka r\u00ebn\u00eb n\u00eb pas mesnat\u00eb n\u00eb nj\u00eb nga nd\u00ebrtesat e spitalit Mateis Bals n\u00eb Bukuresht. &hellip;<\/p>\n","protected":false},"author":1,"featured_media":4766,"comment_status":"closed","ping_status":"closed","sticky":true,"template":"","format":"standard","meta":{"_jetpack_memberships_contains_paid_content":false,"footnotes":""},"categories":[38],"tags":[],"jetpack_sharing_enabled":true,"jetpack_featured_media_url":"https:\/\/voranews.al\/wp-content\/uploads\/2021\/01\/231E5102-6854-48BF-B138-F7D63F56305C.png","_links":{"self":[{"href":"https:\/\/voranews.al\/index.php?rest_route=\/wp\/v2\/posts\/4765"}],"collection":[{"href":"https:\/\/voranews.al\/index.php?rest_route=\/wp\/v2\/posts"}],"about":[{"href":"https:\/\/voranews.al\/index.php?rest_route=\/wp\/v2\/types\/post"}],"author":[{"embeddable":true,"href":"https:\/\/voranews.al\/index.php?rest_route=\/wp\/v2\/users\/1"}],"replies":[{"embeddable":true,"href":"https:\/\/voranews.al\/index.php?rest_route=%2Fwp%2Fv2%2Fcomments&post=4765"}],"version-history":[{"count":1,"href":"https:\/\/voranews.al\/index.php?rest_route=\/wp\/v2\/posts\/4765\/revisions"}],"predecessor-version":[{"id":4767,"href":"https:\/\/voranews.al\/index.php?rest_route=\/wp\/v2\/posts\/4765\/revisions\/4767"}],"wp:featuredmedia":[{"embeddable":true,"href":"https:\/\/voranews.al\/index.php?rest_route=\/wp\/v2\/media\/4766"}],"wp:attachment":[{"href":"https:\/\/voranews.al\/index.php?rest_route=%2Fwp%2Fv2%2Fmedia&parent=4765"}],"wp:term":[{"taxonomy":"category","embeddable":true,"href":"https:\/\/voranews.al\/index.php?rest_route=%2Fwp%2Fv2%2Fcategories&post=4765"},{"taxonomy":"post_tag","embeddable":true,"href":"https:\/\/voranews.al\/index.php?rest_route=%2Fwp%2Fv2%2Ftags&post=4765"}],"curies":[{"name":"wp","href":"https:\/\/api.w.org\/{rel}","templated":true}]}}