{"id":4807,"date":"2021-01-30T18:11:13","date_gmt":"2021-01-30T17:11:13","guid":{"rendered":"https:\/\/voranews.al\/?p=4807"},"modified":"2021-01-30T18:11:19","modified_gmt":"2021-01-30T17:11:19","slug":"angela-merkel-mesazh-prinderve-ende-nuk-mund-ti-hapim-shkollat-dhe-kopshtet","status":"publish","type":"post","link":"https:\/\/voranews.al\/?p=4807","title":{"rendered":"Angela Merkel mesazh prind\u00ebrve: Ende nuk mund t\u2019i hapim shkollat dhe kopshtet"},"content":{"rendered":"\n<p><strong>GJERMANI-<\/strong>Kancelarja gjermane, Angela Merkel ka folur n\u00eb lidhje me situat\u00ebn aktuale t\u00eb shkaktuar nga pandemia n\u00eb vend.<\/p>\n\n\n\n<p>N\u00eb mesazhin e saj javor n\u00eb videopodcast, ajo ka th\u00ebn\u00eb qe nuk \u00ebsht\u00eb ende koha p\u00ebr t\u00eb hapur kopshtet dhe shkollat, pasi pavar\u00ebsisht r\u00ebnies s\u00eb numrit t\u00eb infektimeve, ka nj\u00eb rrezik nga mutacionet.&nbsp; Gjithashtu, ajo e ka quajtur nj\u00eb pun\u00eb t\u00eb jasht\u00ebzakonshme t\u00eb prind\u00ebrve, t\u00eb cil\u00ebt jan\u00eb kujdesur p\u00ebr f\u00ebmij\u00ebt dhe \u00ebsht\u00eb lutur p\u00ebr durim.<\/p>\n\n\n\n<p><em>\u201cNuk jemi ende n\u00eb at\u00eb pik\u00eb q\u00eb t\u00eb hapim shkollat dhe kopshtet. Sa m\u00eb me konsekuenc\u00eb t\u00eb veprojm\u00eb tani, t\u00eb heqim dor\u00eb nga kontaktet, aty ku \u00ebsht\u00eb e pashmangshme t\u00eb mbajm\u00eb distanc\u00eb, t\u00eb respektojm\u00eb rregullat e higjien\u00ebs e t\u00eb vendosim mask\u00ebn, aq m\u00eb shpejt kjo do t\u00eb jet\u00eb e mundur. V\u00ebrtet q\u00eb shifrat e infektimeve, po bien, por n\u00eb t\u00eb nj\u00ebjt\u00ebn koh\u00eb ka nj\u00eb rrezik real nga mutacionet. Prandaj duhet q\u00eb n\u00eb rrug\u00ebn ton\u00eb n\u00eb jav\u00ebt e ardhshme t\u00eb jemi t\u00eb kujdessh\u00ebm dhe t\u00eb veprojm\u00eb me maturi. Ne n\u00eb qeverin\u00eb gjermane jemi shum\u00eb t\u00eb vet\u00ebdijsh\u00ebm, se sa e v\u00ebshtir\u00eb \u00ebsht\u00eb p\u00ebrditshm\u00ebria p\u00ebr prind\u00ebrit dhe f\u00ebmij\u00ebt. K\u00ebt\u00eb nuk e n\u00ebnvler\u00ebson askush nga ne.\u201d<\/em><\/p>\n\n\n\n<p>Q\u00eb prej fillimit t\u00eb pandemis\u00eb n\u00eb Gjermani jan\u00eb sh\u00ebnuar 2,207,393 raste infektimi dhe kan\u00eb nd\u00ebrruar jet\u00eb 57.052 pacient\u00eb.<\/p>\n","protected":false},"excerpt":{"rendered":"<p>GJERMANI-Kancelarja gjermane, Angela Merkel ka folur n\u00eb lidhje me situat\u00ebn aktuale t\u00eb shkaktuar nga pandemia n\u00eb vend. N\u00eb mesazhin e saj javor n\u00eb videopodcast, ajo ka th\u00ebn\u00eb qe nuk \u00ebsht\u00eb ende koha p\u00ebr t\u00eb hapur kopshtet dhe shkollat, pasi pavar\u00ebsisht r\u00ebnies s\u00eb numrit t\u00eb infektimeve, ka nj\u00eb rrezik nga mutacionet.&nbsp; Gjithashtu, ajo e ka quajtur &hellip;<\/p>\n","protected":false},"author":1,"featured_media":4808,"comment_status":"closed","ping_status":"closed","sticky":true,"template":"","format":"standard","meta":{"_jetpack_memberships_contains_paid_content":false,"footnotes":""},"categories":[38],"tags":[],"jetpack_sharing_enabled":true,"jetpack_featured_media_url":"https:\/\/voranews.al\/wp-content\/uploads\/2021\/01\/8D8529E1-7E44-432D-9C9A-93EA292E6439.jpeg","_links":{"self":[{"href":"https:\/\/voranews.al\/index.php?rest_route=\/wp\/v2\/posts\/4807"}],"collection":[{"href":"https:\/\/voranews.al\/index.php?rest_route=\/wp\/v2\/posts"}],"about":[{"href":"https:\/\/voranews.al\/index.php?rest_route=\/wp\/v2\/types\/post"}],"author":[{"embeddable":true,"href":"https:\/\/voranews.al\/index.php?rest_route=\/wp\/v2\/users\/1"}],"replies":[{"embeddable":true,"href":"https:\/\/voranews.al\/index.php?rest_route=%2Fwp%2Fv2%2Fcomments&post=4807"}],"version-history":[{"count":1,"href":"https:\/\/voranews.al\/index.php?rest_route=\/wp\/v2\/posts\/4807\/revisions"}],"predecessor-version":[{"id":4809,"href":"https:\/\/voranews.al\/index.php?rest_route=\/wp\/v2\/posts\/4807\/revisions\/4809"}],"wp:featuredmedia":[{"embeddable":true,"href":"https:\/\/voranews.al\/index.php?rest_route=\/wp\/v2\/media\/4808"}],"wp:attachment":[{"href":"https:\/\/voranews.al\/index.php?rest_route=%2Fwp%2Fv2%2Fmedia&parent=4807"}],"wp:term":[{"taxonomy":"category","embeddable":true,"href":"https:\/\/voranews.al\/index.php?rest_route=%2Fwp%2Fv2%2Fcategories&post=4807"},{"taxonomy":"post_tag","embeddable":true,"href":"https:\/\/voranews.al\/index.php?rest_route=%2Fwp%2Fv2%2Ftags&post=4807"}],"curies":[{"name":"wp","href":"https:\/\/api.w.org\/{rel}","templated":true}]}}