{"id":4951,"date":"2021-02-04T11:53:52","date_gmt":"2021-02-04T10:53:52","guid":{"rendered":"https:\/\/voranews.al\/?p=4951"},"modified":"2021-02-04T11:53:57","modified_gmt":"2021-02-04T10:53:57","slug":"gjenden-mbetjet-e-avionit-ushtarak-grek-ne-janine-ekipet-e-shpetimit-gjejne-pa-jete-shqiptarin-armand-ibrahimi","status":"publish","type":"post","link":"https:\/\/voranews.al\/?p=4951","title":{"rendered":"Gjenden mbetjet e avionit ushtarak grek n\u00eb Janin\u00eb, ekipet e shp\u00ebtimit gjejn\u00eb pa jet\u00eb shqiptarin Armand Ibrahimi"},"content":{"rendered":"\n<p><strong>JANIN\u00cb<\/strong>\u2013 Nj\u00eb avion ushtarak grek \u00ebsht\u00eb rr\u00ebzuar n\u00eb Janin\u00eb t\u00eb Greqis\u00eb, ku edhe ka mbetur i vdekur 32-vje\u00e7ari shqiptar, Armand Ibrahimi. Avioni ushtarak \u00ebsht\u00eb rr\u00ebzuar q\u00eb t\u00eb diel\u00ebn, por mbetjet e tij jan\u00eb zbuluar sot n\u00eb or\u00ebn 10:30.<\/p>\n\n\n\n<p>Ekipet e shp\u00ebtimit gjet\u00ebn trupin e pilotit 32-vje\u00e7ar n\u00eb nj\u00eb distanc\u00eb shum\u00eb t\u00eb vog\u00ebl nga vendi ku u rr\u00ebzua avioni. Nga kqyrja paraprake \u00ebsht\u00eb v\u00ebn\u00eb re se trupi i tij ka marr\u00eb d\u00ebmtime t\u00eb r\u00ebnda q\u00eb i kan\u00eb kushtuar edhe jet\u00ebn.<\/p>\n\n\n\n<p>Pritet q\u00eb n\u00eb zon\u00eb t\u00eb mb\u00ebrrij\u00eb edhe helikopteri i ushtris\u00eb greke p\u00ebr t\u00eb marr\u00eb trupin, kjo pasi nuk mund t\u00eb nd\u00ebrhyjn\u00eb n\u00eb rrug\u00eb tjet\u00ebr p\u00ebr shkak t\u00eb terrenit t\u00eb v\u00ebshtir\u00eb.<\/p>\n\n\n\n<figure class=\"wp-block-image\"><img decoding=\"async\" src=\"https:\/\/albanews.al\/wp-content\/uploads\/2021\/02\/pilotos-soros-3-1-640x360-1.jpg\" alt=\"\" class=\"wp-image-20271\"\/><\/figure>\n","protected":false},"excerpt":{"rendered":"<p>JANIN\u00cb\u2013 Nj\u00eb avion ushtarak grek \u00ebsht\u00eb rr\u00ebzuar n\u00eb Janin\u00eb t\u00eb Greqis\u00eb, ku edhe ka mbetur i vdekur 32-vje\u00e7ari shqiptar, Armand Ibrahimi. Avioni ushtarak \u00ebsht\u00eb rr\u00ebzuar q\u00eb t\u00eb diel\u00ebn, por mbetjet e tij jan\u00eb zbuluar sot n\u00eb or\u00ebn 10:30. Ekipet e shp\u00ebtimit gjet\u00ebn trupin e pilotit 32-vje\u00e7ar n\u00eb nj\u00eb distanc\u00eb shum\u00eb t\u00eb vog\u00ebl nga vendi ku &hellip;<\/p>\n","protected":false},"author":1,"featured_media":4952,"comment_status":"closed","ping_status":"closed","sticky":true,"template":"","format":"standard","meta":{"_jetpack_memberships_contains_paid_content":false,"footnotes":""},"categories":[38],"tags":[],"jetpack_sharing_enabled":true,"jetpack_featured_media_url":"https:\/\/voranews.al\/wp-content\/uploads\/2021\/02\/F7ED33C1-FDA9-4E4F-8451-09C02C6EBC61.jpeg","_links":{"self":[{"href":"https:\/\/voranews.al\/index.php?rest_route=\/wp\/v2\/posts\/4951"}],"collection":[{"href":"https:\/\/voranews.al\/index.php?rest_route=\/wp\/v2\/posts"}],"about":[{"href":"https:\/\/voranews.al\/index.php?rest_route=\/wp\/v2\/types\/post"}],"author":[{"embeddable":true,"href":"https:\/\/voranews.al\/index.php?rest_route=\/wp\/v2\/users\/1"}],"replies":[{"embeddable":true,"href":"https:\/\/voranews.al\/index.php?rest_route=%2Fwp%2Fv2%2Fcomments&post=4951"}],"version-history":[{"count":1,"href":"https:\/\/voranews.al\/index.php?rest_route=\/wp\/v2\/posts\/4951\/revisions"}],"predecessor-version":[{"id":4953,"href":"https:\/\/voranews.al\/index.php?rest_route=\/wp\/v2\/posts\/4951\/revisions\/4953"}],"wp:featuredmedia":[{"embeddable":true,"href":"https:\/\/voranews.al\/index.php?rest_route=\/wp\/v2\/media\/4952"}],"wp:attachment":[{"href":"https:\/\/voranews.al\/index.php?rest_route=%2Fwp%2Fv2%2Fmedia&parent=4951"}],"wp:term":[{"taxonomy":"category","embeddable":true,"href":"https:\/\/voranews.al\/index.php?rest_route=%2Fwp%2Fv2%2Fcategories&post=4951"},{"taxonomy":"post_tag","embeddable":true,"href":"https:\/\/voranews.al\/index.php?rest_route=%2Fwp%2Fv2%2Ftags&post=4951"}],"curies":[{"name":"wp","href":"https:\/\/api.w.org\/{rel}","templated":true}]}}