{"id":5301,"date":"2021-02-13T15:28:57","date_gmt":"2021-02-13T14:28:57","guid":{"rendered":"https:\/\/voranews.al\/?p=5301"},"modified":"2021-02-13T15:29:02","modified_gmt":"2021-02-13T14:29:02","slug":"rama-te-jape-doreheqjen-basha-me-mesazh-per-ramen-nuk-behem-pjese-e-lojes-se-tij-e-ka-lene-shqiperine-ne-vend-numero","status":"publish","type":"post","link":"https:\/\/voranews.al\/?p=5301","title":{"rendered":"Rama t\u00eb jap\u00eb dor\u00ebheqjen\u201d, Basha me mesazh p\u00ebr Ram\u00ebn: Nuk b\u00ebhem pjes\u00eb e loj\u00ebs s\u00eb tij, e ka l\u00ebn\u00eb Shqip\u00ebrin\u00eb n\u00eb vend num\u00ebro!"},"content":{"rendered":"\n<p>Kreu i Partis\u00eb Demokratike, lulzim Basha, i \u00ebsht\u00eb drejtuar me nj\u00eb mesazh t\u00eb fort\u00eb kryeministrit Edi Rama, duke i k\u00ebrkuar t\u00eb marr\u00eb p\u00ebrsip\u00ebr p\u00ebrgjegj\u00ebsit\u00eb p\u00ebr d\u00ebshtimet e tij dhe t\u00eb jap\u00eb dor\u00ebheqjen.<\/p>\n\n\n\n<p>P\u00ebrmes nj\u00eb mesazhi n\u00eb \u201cFacebook\u201d, Basha thekson se nuk ka nd\u00ebrmend t\u00eb b\u00ebhet pjes\u00eb e loj\u00ebs s\u00eb Ram\u00ebs, nd\u00ebrsa shton se sjellja e tij \u00ebsht\u00eb tipike e humb\u00ebsit, q\u00eb akuzon k\u00ebdo dhe nuk pranon asnj\u00eb p\u00ebrgjegj\u00ebsi p\u00ebr vete.<\/p>\n\n\n\n<p><strong>Mesazhi i Bash\u00ebs:<\/strong><\/p>\n\n\n\n<p>\u00cbsht\u00eb qesharake se si njeriu q\u00eb e ka l\u00ebn\u00eb Shqip\u00ebrin\u00eb prej 8 vjet\u00ebsh vend num\u00ebro e nuk ka b\u00ebr\u00eb as edhe nj\u00eb hap para, i lejon vetes t\u00eb merret me mua, n\u00eb vend q\u00eb t\u00eb marr\u00eb p\u00ebrsip\u00ebr p\u00ebrgjegj\u00ebsit\u00eb p\u00ebr d\u00ebshtimet e tij e t\u00eb jap\u00eb dor\u00ebheqjen.<\/p>\n\n\n\n<p>Un\u00eb nuk kam nd\u00ebrmend t\u00eb b\u00ebhem pjes\u00eb e k\u00ebsaj loje. Kjo \u00ebsht\u00eb sjellja tipike e humb\u00ebsit q\u00eb akuzon k\u00ebdo dhe nuk pranon asnj\u00eb p\u00ebrgjegj\u00ebsi p\u00ebr vete. Shqiptar\u00ebt jan\u00eb ngopur me t\u00eb dhe llojin e tij.<\/p>\n\n\n\n<p>Para 8 vjet\u00ebsh shqiptar\u00ebt n\u00eb vend t\u00eb nj\u00eb kryeministri, mor\u00ebn nj\u00eb aktor estrade q\u00eb e la Shqip\u00ebrin\u00eb vendnum\u00ebro. Estrada e Ram\u00ebs po ju kushton shqiptar\u00ebve shum\u00eb shtrenjt\u00eb. Ka ardhur koha q\u00eb Shqip\u00ebria t\u00eb ket\u00eb nj\u00eb kryeminist\u00ebr t\u00eb v\u00ebrtet\u00eb. Me 25 prill Rama humb dhe Shqip\u00ebria fiton.<\/p>\n","protected":false},"excerpt":{"rendered":"<p>Kreu i Partis\u00eb Demokratike, lulzim Basha, i \u00ebsht\u00eb drejtuar me nj\u00eb mesazh t\u00eb fort\u00eb kryeministrit Edi Rama, duke i k\u00ebrkuar t\u00eb marr\u00eb p\u00ebrsip\u00ebr p\u00ebrgjegj\u00ebsit\u00eb p\u00ebr d\u00ebshtimet e tij dhe t\u00eb jap\u00eb dor\u00ebheqjen. P\u00ebrmes nj\u00eb mesazhi n\u00eb \u201cFacebook\u201d, Basha thekson se nuk ka nd\u00ebrmend t\u00eb b\u00ebhet pjes\u00eb e loj\u00ebs s\u00eb Ram\u00ebs, nd\u00ebrsa shton se sjellja e &hellip;<\/p>\n","protected":false},"author":1,"featured_media":5302,"comment_status":"closed","ping_status":"closed","sticky":true,"template":"","format":"standard","meta":{"_jetpack_memberships_contains_paid_content":false,"footnotes":""},"categories":[20],"tags":[],"jetpack_sharing_enabled":true,"jetpack_featured_media_url":"https:\/\/voranews.al\/wp-content\/uploads\/2021\/02\/47D4EF2F-7ABE-47D3-9A88-13F5387E9D73.jpeg","_links":{"self":[{"href":"https:\/\/voranews.al\/index.php?rest_route=\/wp\/v2\/posts\/5301"}],"collection":[{"href":"https:\/\/voranews.al\/index.php?rest_route=\/wp\/v2\/posts"}],"about":[{"href":"https:\/\/voranews.al\/index.php?rest_route=\/wp\/v2\/types\/post"}],"author":[{"embeddable":true,"href":"https:\/\/voranews.al\/index.php?rest_route=\/wp\/v2\/users\/1"}],"replies":[{"embeddable":true,"href":"https:\/\/voranews.al\/index.php?rest_route=%2Fwp%2Fv2%2Fcomments&post=5301"}],"version-history":[{"count":1,"href":"https:\/\/voranews.al\/index.php?rest_route=\/wp\/v2\/posts\/5301\/revisions"}],"predecessor-version":[{"id":5303,"href":"https:\/\/voranews.al\/index.php?rest_route=\/wp\/v2\/posts\/5301\/revisions\/5303"}],"wp:featuredmedia":[{"embeddable":true,"href":"https:\/\/voranews.al\/index.php?rest_route=\/wp\/v2\/media\/5302"}],"wp:attachment":[{"href":"https:\/\/voranews.al\/index.php?rest_route=%2Fwp%2Fv2%2Fmedia&parent=5301"}],"wp:term":[{"taxonomy":"category","embeddable":true,"href":"https:\/\/voranews.al\/index.php?rest_route=%2Fwp%2Fv2%2Fcategories&post=5301"},{"taxonomy":"post_tag","embeddable":true,"href":"https:\/\/voranews.al\/index.php?rest_route=%2Fwp%2Fv2%2Ftags&post=5301"}],"curies":[{"name":"wp","href":"https:\/\/api.w.org\/{rel}","templated":true}]}}