{"id":5461,"date":"2021-02-17T13:50:56","date_gmt":"2021-02-17T12:50:56","guid":{"rendered":"https:\/\/voranews.al\/?p=5461"},"modified":"2021-02-17T13:51:01","modified_gmt":"2021-02-17T12:51:01","slug":"edi-rama-flet-hapur-ja-perse-e-kerkoj-mandatin-e-trete","status":"publish","type":"post","link":"https:\/\/voranews.al\/?p=5461","title":{"rendered":"Edi Rama flet hapur: \u201cJa p\u00ebrse e k\u00ebrkoj mandatin e tret\u00eb\u201d"},"content":{"rendered":"\n<p>Kryeministri i vendit Edi Rama e ka nisur dit\u00ebn me nj\u00eb rr\u00ebfim p\u00ebr qytetar\u00ebt dhe p\u00ebrmes nj\u00eb editoriali ku u tregon atyre p\u00ebrse duhet t\u2019i japin mandatin e tret\u00eb. <\/p>\n\n\n\n<p>Rama tha se ai dhe partia e tij kan\u00eb shum\u00eb p\u00ebr t\u00eb b\u00ebr\u00eb dhe duan t\u00eb \u00e7ojn\u00eb deri n\u00eb fund sfidat e nisura p\u00ebrfshi at\u00eb t\u00eb virusit.\u201cMandatin e tret\u00eb s\u2019do ta k\u00ebrkoja, po do t\u00eb kthehesha m\u00eb n\u00eb fund n\u00eb sht\u00ebpi p\u00ebr t\u00eb shlyer borxhet e m\u00ebdha q\u00eb i kam familjes, e sidomos m\u00eb t\u00eb voglit nga ne t\u00eb pest\u00eb, n\u00ebse nuk do t\u00eb kishte ende plot gjysh\u00ebr, prind\u00ebr e f\u00ebmij\u00eb q\u00eb duhen futur t\u00eb gjith\u00eb, n\u00eb sht\u00ebpi e n\u00eb lagje t\u00eb reja; n\u00ebse nuk do t\u00eb duhej fituar lufta me COVID-in dhe kryer vaksinimi i plot\u00eb i njer\u00ebzve t\u00eb k\u00ebtij vendi, n\u00ebse nuk do t\u00eb duhej p\u00ebrmbyllur reformimi i sh\u00ebndet\u00ebsis\u00eb, ku pasi \u00ebsht\u00eb rim\u00ebk\u00ebmbur infrastruktura e spitaleve e riorganizuar sistemi sh\u00ebndet\u00ebsor, duhet p\u00ebrfunduar kjo rim\u00ebk\u00ebmbje, duhet pastruar organizmi i trup\u00ebs s\u00eb bluzave t\u00eb bardha nga abuzuesit e nga batak\u00e7injt\u00eb, q\u00eb njollosin keq pun\u00ebn e mij\u00ebra heronjve; n\u00ebse nuk do t\u00eb duhej forcuar progresiviteti i taksimit n\u00eb favor t\u00eb atyre q\u00eb fitojn\u00eb m\u00eb pak, rritur m\u00eb tej paga minimale dhe pagat n\u00eb t\u00ebr\u00ebsi, tanim\u00eb q\u00eb bazat e ekonomis\u00eb jan\u00eb forcuar, zhvilluar m\u00eb n\u00eb fund infrastruktura portuale e aeroportuale, e cila nuk \u00ebsht\u00eb m\u00eb nj\u00eb \u00ebnd\u00ebrr po nj\u00eb betej\u00eb e nisur konkretisht\u201d, tha kryeministri.<\/p>\n\n\n\n<p>Ndaj tij m\u00eb pas ka reaguar kreu i opozit\u00ebs, Lulzim Basha i cili hodhi posht\u00eb t\u00eb gjitha k\u00ebto deklarata duke folur kund\u00ebr Ram\u00ebs.<\/p>\n","protected":false},"excerpt":{"rendered":"<p>Kryeministri i vendit Edi Rama e ka nisur dit\u00ebn me nj\u00eb rr\u00ebfim p\u00ebr qytetar\u00ebt dhe p\u00ebrmes nj\u00eb editoriali ku u tregon atyre p\u00ebrse duhet t\u2019i japin mandatin e tret\u00eb. Rama tha se ai dhe partia e tij kan\u00eb shum\u00eb p\u00ebr t\u00eb b\u00ebr\u00eb dhe duan t\u00eb \u00e7ojn\u00eb deri n\u00eb fund sfidat e nisura p\u00ebrfshi at\u00eb t\u00eb &hellip;<\/p>\n","protected":false},"author":1,"featured_media":5462,"comment_status":"closed","ping_status":"closed","sticky":true,"template":"","format":"standard","meta":{"_jetpack_memberships_contains_paid_content":false,"footnotes":""},"categories":[20],"tags":[],"jetpack_sharing_enabled":true,"jetpack_featured_media_url":"https:\/\/voranews.al\/wp-content\/uploads\/2021\/02\/8562B32E-B2D1-46C1-B48D-3BFF3492E606.jpeg","_links":{"self":[{"href":"https:\/\/voranews.al\/index.php?rest_route=\/wp\/v2\/posts\/5461"}],"collection":[{"href":"https:\/\/voranews.al\/index.php?rest_route=\/wp\/v2\/posts"}],"about":[{"href":"https:\/\/voranews.al\/index.php?rest_route=\/wp\/v2\/types\/post"}],"author":[{"embeddable":true,"href":"https:\/\/voranews.al\/index.php?rest_route=\/wp\/v2\/users\/1"}],"replies":[{"embeddable":true,"href":"https:\/\/voranews.al\/index.php?rest_route=%2Fwp%2Fv2%2Fcomments&post=5461"}],"version-history":[{"count":1,"href":"https:\/\/voranews.al\/index.php?rest_route=\/wp\/v2\/posts\/5461\/revisions"}],"predecessor-version":[{"id":5463,"href":"https:\/\/voranews.al\/index.php?rest_route=\/wp\/v2\/posts\/5461\/revisions\/5463"}],"wp:featuredmedia":[{"embeddable":true,"href":"https:\/\/voranews.al\/index.php?rest_route=\/wp\/v2\/media\/5462"}],"wp:attachment":[{"href":"https:\/\/voranews.al\/index.php?rest_route=%2Fwp%2Fv2%2Fmedia&parent=5461"}],"wp:term":[{"taxonomy":"category","embeddable":true,"href":"https:\/\/voranews.al\/index.php?rest_route=%2Fwp%2Fv2%2Fcategories&post=5461"},{"taxonomy":"post_tag","embeddable":true,"href":"https:\/\/voranews.al\/index.php?rest_route=%2Fwp%2Fv2%2Ftags&post=5461"}],"curies":[{"name":"wp","href":"https:\/\/api.w.org\/{rel}","templated":true}]}}