{"id":5558,"date":"2021-02-19T19:26:36","date_gmt":"2021-02-19T18:26:36","guid":{"rendered":"https:\/\/voranews.al\/?p=5558"},"modified":"2021-02-19T19:26:41","modified_gmt":"2021-02-19T18:26:41","slug":"ylli-manjani-i-pervishet-metes-smund-te-na-quash-llum-ne-ish-bashkepunetoreve-e-kam-te-veshtire-ta-besoj-qe-e-the-ti","status":"publish","type":"post","link":"https:\/\/voranews.al\/?p=5558","title":{"rendered":"Ylli Manjani \u201ci p\u00ebrvishet\u201d Met\u00ebs: S\u2019mund t\u00eb na quash llum ne ish-bashk\u00ebpun\u00ebtor\u00ebve, e kam t\u00eb v\u00ebshtir\u00eb ta besoj q\u00eb e the ti"},"content":{"rendered":"\n<p>Ylli Manjani komentoi vler\u00ebsimet e presidendit, Ilir Meta p\u00ebr t\u00eb larguarit nga L\u00ebvizja Socialiste p\u00ebr Integrim dhe bashk\u00ebpun\u00ebtor\u00ebt e ngusht\u00eb.<\/p>\n\n\n\n<p>N\u00eb konferenc\u00ebn e sotme p\u00ebr shtyp, presidenti i Republik\u00ebs, Ilir Meta tha se LSI do t\u00eb dal\u00eb m\u00eb e fort\u00eb se m\u00eb par\u00eb n\u00eb zgjedhjet e ardhshme parlamentare, nd\u00ebrkoh\u00eb q\u00eb konsideroi t\u00eb larguarit nga L\u00ebvizja Socialiste p\u00ebr Integrim si \u201cllumi\u201d q\u00eb po shkon drejt Partis\u00eb Socialiste.<\/p>\n\n\n\n<p>Por, si e komenton Ylli Manjani k\u00ebt\u00eb koment t\u00eb presidentit dhe ish-kryetarit t\u00eb LSI-s\u00eb? \u201c<em>E kam shum\u00eb t\u00eb v\u00ebshtir\u00eb ta besoj q\u00eb ky \u00ebsht\u00eb leksiku politik i Ilir Met\u00ebs. Aq m\u00eb tep\u00ebr me fjal\u00eb t\u00eb tilla. T\u00eb larguarit nga LSI-ja nuk jan\u00eb larguar nga partia, jan\u00eb p\u00ebrz\u00ebn\u00eb, n\u00eb nj\u00eb m\u00ebnyr\u00eb apo tjet\u00ebr iu \u00ebsht\u00eb treguar dera. LSI-ja nuk duhet t\u00eb ket\u00eb koment p\u00ebr zgjidhjet e kujdo q\u00eb ka sh\u00ebrbyer n\u00eb LSI dhe nuk \u00ebsht\u00eb m\u00eb pjes\u00eb e saj. K\u00ebshtu e do rregulli i mir\u00ebnjohjes, sepse secili nga ata ka kontribuar sa ka ditur, si ka ditur. Etiketimi \u2018llum\u2019 \u00ebsht\u00eb i tep\u00ebrt<\/em>\u201c, thot\u00eb Manjani.<\/p>\n","protected":false},"excerpt":{"rendered":"<p>Ylli Manjani komentoi vler\u00ebsimet e presidendit, Ilir Meta p\u00ebr t\u00eb larguarit nga L\u00ebvizja Socialiste p\u00ebr Integrim dhe bashk\u00ebpun\u00ebtor\u00ebt e ngusht\u00eb. N\u00eb konferenc\u00ebn e sotme p\u00ebr shtyp, presidenti i Republik\u00ebs, Ilir Meta tha se LSI do t\u00eb dal\u00eb m\u00eb e fort\u00eb se m\u00eb par\u00eb n\u00eb zgjedhjet e ardhshme parlamentare, nd\u00ebrkoh\u00eb q\u00eb konsideroi t\u00eb larguarit nga L\u00ebvizja &hellip;<\/p>\n","protected":false},"author":1,"featured_media":5559,"comment_status":"closed","ping_status":"closed","sticky":true,"template":"","format":"standard","meta":{"_jetpack_memberships_contains_paid_content":false,"footnotes":""},"categories":[20],"tags":[],"jetpack_sharing_enabled":true,"jetpack_featured_media_url":"https:\/\/voranews.al\/wp-content\/uploads\/2021\/02\/76B2FA8C-8D36-4135-8BE8-921CA20FF93B.jpeg","_links":{"self":[{"href":"https:\/\/voranews.al\/index.php?rest_route=\/wp\/v2\/posts\/5558"}],"collection":[{"href":"https:\/\/voranews.al\/index.php?rest_route=\/wp\/v2\/posts"}],"about":[{"href":"https:\/\/voranews.al\/index.php?rest_route=\/wp\/v2\/types\/post"}],"author":[{"embeddable":true,"href":"https:\/\/voranews.al\/index.php?rest_route=\/wp\/v2\/users\/1"}],"replies":[{"embeddable":true,"href":"https:\/\/voranews.al\/index.php?rest_route=%2Fwp%2Fv2%2Fcomments&post=5558"}],"version-history":[{"count":1,"href":"https:\/\/voranews.al\/index.php?rest_route=\/wp\/v2\/posts\/5558\/revisions"}],"predecessor-version":[{"id":5560,"href":"https:\/\/voranews.al\/index.php?rest_route=\/wp\/v2\/posts\/5558\/revisions\/5560"}],"wp:featuredmedia":[{"embeddable":true,"href":"https:\/\/voranews.al\/index.php?rest_route=\/wp\/v2\/media\/5559"}],"wp:attachment":[{"href":"https:\/\/voranews.al\/index.php?rest_route=%2Fwp%2Fv2%2Fmedia&parent=5558"}],"wp:term":[{"taxonomy":"category","embeddable":true,"href":"https:\/\/voranews.al\/index.php?rest_route=%2Fwp%2Fv2%2Fcategories&post=5558"},{"taxonomy":"post_tag","embeddable":true,"href":"https:\/\/voranews.al\/index.php?rest_route=%2Fwp%2Fv2%2Ftags&post=5558"}],"curies":[{"name":"wp","href":"https:\/\/api.w.org\/{rel}","templated":true}]}}