{"id":5617,"date":"2021-02-21T11:53:19","date_gmt":"2021-02-21T10:53:19","guid":{"rendered":"https:\/\/voranews.al\/?p=5617"},"modified":"2021-02-21T11:53:24","modified_gmt":"2021-02-21T10:53:24","slug":"kur-do-te-vaksinohen-mesuesit-pergjigjet-rama","status":"publish","type":"post","link":"https:\/\/voranews.al\/?p=5617","title":{"rendered":"Kur do t\u00eb vaksinohen m\u00ebsuesit? P\u00ebrgjigjet Rama&#8230;."},"content":{"rendered":"\n<p>Kryeministri Edi Rama ka dh\u00ebn\u00eb nj\u00eb deklarat\u00eb p\u00ebr mediat, p\u00ebrpara stadiumit Air Albania.<\/p>\n\n\n\n<p>Ai u pyet nga gazetar\u00ebt se kur do t\u00eb vaksinohem m\u00ebsuesit.<\/p>\n\n\n\n<p>N\u00eb p\u00ebrgjigjen e tij, Rama tha se gjith\u00e7ka varet nga dozat q\u00eb do t\u00eb vijn\u00eb.<\/p>\n\n\n\n<p>&#8220;Si\u00e7 ka qen\u00eb th\u00ebn\u00eb gjithmon\u00eb bazuar n\u00eb dozat q\u00eb kemi n\u00eb dispozicion, r\u00ebnd\u00ebsi ka q\u00eb me dozat q\u00eb kemi do t\u00eb p\u00ebrfundojm\u00eb vaksinimin e t\u00eb gjith\u00eb mjek\u00ebve dhe infermier\u00ebve&#8221;,- tha Rama.<\/p>\n","protected":false},"excerpt":{"rendered":"<p>Kryeministri Edi Rama ka dh\u00ebn\u00eb nj\u00eb deklarat\u00eb p\u00ebr mediat, p\u00ebrpara stadiumit Air Albania. Ai u pyet nga gazetar\u00ebt se kur do t\u00eb vaksinohem m\u00ebsuesit. N\u00eb p\u00ebrgjigjen e tij, Rama tha se gjith\u00e7ka varet nga dozat q\u00eb do t\u00eb vijn\u00eb. &#8220;Si\u00e7 ka qen\u00eb th\u00ebn\u00eb gjithmon\u00eb bazuar n\u00eb dozat q\u00eb kemi n\u00eb dispozicion, r\u00ebnd\u00ebsi ka q\u00eb me &hellip;<\/p>\n","protected":false},"author":1,"featured_media":5618,"comment_status":"closed","ping_status":"closed","sticky":true,"template":"","format":"standard","meta":{"_jetpack_memberships_contains_paid_content":false,"footnotes":""},"categories":[4],"tags":[],"jetpack_sharing_enabled":true,"jetpack_featured_media_url":"https:\/\/voranews.al\/wp-content\/uploads\/2021\/02\/D3DB0018-B12A-473B-83E5-1F33FC0AE78C.jpeg","_links":{"self":[{"href":"https:\/\/voranews.al\/index.php?rest_route=\/wp\/v2\/posts\/5617"}],"collection":[{"href":"https:\/\/voranews.al\/index.php?rest_route=\/wp\/v2\/posts"}],"about":[{"href":"https:\/\/voranews.al\/index.php?rest_route=\/wp\/v2\/types\/post"}],"author":[{"embeddable":true,"href":"https:\/\/voranews.al\/index.php?rest_route=\/wp\/v2\/users\/1"}],"replies":[{"embeddable":true,"href":"https:\/\/voranews.al\/index.php?rest_route=%2Fwp%2Fv2%2Fcomments&post=5617"}],"version-history":[{"count":1,"href":"https:\/\/voranews.al\/index.php?rest_route=\/wp\/v2\/posts\/5617\/revisions"}],"predecessor-version":[{"id":5619,"href":"https:\/\/voranews.al\/index.php?rest_route=\/wp\/v2\/posts\/5617\/revisions\/5619"}],"wp:featuredmedia":[{"embeddable":true,"href":"https:\/\/voranews.al\/index.php?rest_route=\/wp\/v2\/media\/5618"}],"wp:attachment":[{"href":"https:\/\/voranews.al\/index.php?rest_route=%2Fwp%2Fv2%2Fmedia&parent=5617"}],"wp:term":[{"taxonomy":"category","embeddable":true,"href":"https:\/\/voranews.al\/index.php?rest_route=%2Fwp%2Fv2%2Fcategories&post=5617"},{"taxonomy":"post_tag","embeddable":true,"href":"https:\/\/voranews.al\/index.php?rest_route=%2Fwp%2Fv2%2Ftags&post=5617"}],"curies":[{"name":"wp","href":"https:\/\/api.w.org\/{rel}","templated":true}]}}