{"id":5813,"date":"2021-02-26T13:50:31","date_gmt":"2021-02-26T12:50:31","guid":{"rendered":"https:\/\/voranews.al\/?p=5813"},"modified":"2021-02-26T13:50:36","modified_gmt":"2021-02-26T12:50:36","slug":"avionet-luftarake-turq-pushtojne-hapesiren-ajrore-greqia-me-syte-nga-qielli","status":"publish","type":"post","link":"https:\/\/voranews.al\/?p=5813","title":{"rendered":"Avion\u00ebt luftarak\u00eb turq \u201cpushtojn\u00eb\u201d hap\u00ebsir\u00ebn ajrore, Greqia me syt\u00eb nga qielli"},"content":{"rendered":"\n<p>Grek\u00ebt akuzojn\u00eb se nj\u00eb \u201cbresh\u00ebri\u201d e re sfidash mbi Egje u b\u00eb sot nga forcat ajrore turke.<\/p>\n\n\n\n<p>Vet\u00ebm disa or\u00eb pas k\u00ebrc\u00ebnimeve t\u00eb reja t\u00eb Rexhep Tajip Erdogan se Turqia do t\u00eb ishte vazhdimisht e pranishme n\u00eb \u201cdetin e ishujve\u201d si\u00e7 ai e quajti Egjeun dhe Mesdheun Lindor, Athina thot\u00eb se Ankaraja kreu 30 shkelje t\u00eb hap\u00ebsir\u00ebs ajrore. Mediat n\u00eb Athin\u00eb theksojn\u00eb se avion\u00ebt grek\u00eb ishin n\u00eb gatishm\u00ebri.<\/p>\n\n\n\n<p>\u201c<em>Dy avion\u00eb turq \u201cF-16\u201d dhe dy \u201cATR 72\u201d fluturuan sot mbi Egjeun Verilindor, Qendror dhe Juglindor. Avion\u00ebt turq u identifikuan dhe u p\u00ebrgjuan n\u00eb p\u00ebrputhje me rregullat nd\u00ebrkomb\u00ebtare, sipas praktik\u00ebs s\u00eb vendosur<\/em>\u201d shkruajn\u00eb mediat greke.<\/p>\n\n\n\n<p>Tensionet e forta jan\u00eb rikthyer mes dy vendeve pasi Ankaraja nxori n\u00eb lundrim anijen k\u00ebrkimore \u201cCesme\u201d e cila u largua sot nga Egjeu, por q\u00eb n\u00eb dit\u00ebt n\u00eb vijim Turqia pritet q\u00eb t\u00eb nis\u00eb nj\u00eb st\u00ebrvitje t\u00eb madhe ushtarake p\u00ebr t\u2019i treguar forc\u00ebn Greqis\u00eb.<\/p>\n","protected":false},"excerpt":{"rendered":"<p>Grek\u00ebt akuzojn\u00eb se nj\u00eb \u201cbresh\u00ebri\u201d e re sfidash mbi Egje u b\u00eb sot nga forcat ajrore turke. Vet\u00ebm disa or\u00eb pas k\u00ebrc\u00ebnimeve t\u00eb reja t\u00eb Rexhep Tajip Erdogan se Turqia do t\u00eb ishte vazhdimisht e pranishme n\u00eb \u201cdetin e ishujve\u201d si\u00e7 ai e quajti Egjeun dhe Mesdheun Lindor, Athina thot\u00eb se Ankaraja kreu 30 shkelje &hellip;<\/p>\n","protected":false},"author":1,"featured_media":5814,"comment_status":"closed","ping_status":"closed","sticky":true,"template":"","format":"standard","meta":{"_jetpack_memberships_contains_paid_content":false,"footnotes":""},"categories":[38],"tags":[],"jetpack_sharing_enabled":true,"jetpack_featured_media_url":"https:\/\/voranews.al\/wp-content\/uploads\/2021\/02\/885EF2B4-0B83-4240-A16D-B670D561DAE6.jpeg","_links":{"self":[{"href":"https:\/\/voranews.al\/index.php?rest_route=\/wp\/v2\/posts\/5813"}],"collection":[{"href":"https:\/\/voranews.al\/index.php?rest_route=\/wp\/v2\/posts"}],"about":[{"href":"https:\/\/voranews.al\/index.php?rest_route=\/wp\/v2\/types\/post"}],"author":[{"embeddable":true,"href":"https:\/\/voranews.al\/index.php?rest_route=\/wp\/v2\/users\/1"}],"replies":[{"embeddable":true,"href":"https:\/\/voranews.al\/index.php?rest_route=%2Fwp%2Fv2%2Fcomments&post=5813"}],"version-history":[{"count":1,"href":"https:\/\/voranews.al\/index.php?rest_route=\/wp\/v2\/posts\/5813\/revisions"}],"predecessor-version":[{"id":5815,"href":"https:\/\/voranews.al\/index.php?rest_route=\/wp\/v2\/posts\/5813\/revisions\/5815"}],"wp:featuredmedia":[{"embeddable":true,"href":"https:\/\/voranews.al\/index.php?rest_route=\/wp\/v2\/media\/5814"}],"wp:attachment":[{"href":"https:\/\/voranews.al\/index.php?rest_route=%2Fwp%2Fv2%2Fmedia&parent=5813"}],"wp:term":[{"taxonomy":"category","embeddable":true,"href":"https:\/\/voranews.al\/index.php?rest_route=%2Fwp%2Fv2%2Fcategories&post=5813"},{"taxonomy":"post_tag","embeddable":true,"href":"https:\/\/voranews.al\/index.php?rest_route=%2Fwp%2Fv2%2Ftags&post=5813"}],"curies":[{"name":"wp","href":"https:\/\/api.w.org\/{rel}","templated":true}]}}