{"id":5886,"date":"2021-02-28T14:44:46","date_gmt":"2021-02-28T13:44:46","guid":{"rendered":"https:\/\/voranews.al\/?p=5886"},"modified":"2021-02-28T14:44:51","modified_gmt":"2021-02-28T13:44:51","slug":"greqia-tundet-nga-nje-termet-i-forte-ja-epiqendra-dhe-sa-balle-ishte","status":"publish","type":"post","link":"https:\/\/voranews.al\/?p=5886","title":{"rendered":"Greqia \u2018tundet\u2019 nga nj\u00eb t\u00ebrmet i fort\u00eb, ja epiqendra dhe sa ball\u00eb ishte"},"content":{"rendered":"\n<p>Toka nuk gjen qet\u00ebsi n\u00eb rajon.<\/p>\n\n\n\n<p>Nj\u00eb t\u00ebrmet me magnitud\u00eb 4.5 i shkall\u00ebs Richter ka goditur sot ishullin e Zakinthos n\u00eb Greqi.<\/p>\n\n\n\n<p>Epiqendra e l\u00ebkundjes ishte 15 kilometra nga Gaitanio dhe 97 kilometra nga Patra.<\/p>\n\n\n\n<p>Nd\u00ebrsa thell\u00ebsia ishte 9 kilometra.<\/p>\n\n\n\n<p>Ende nuk ka informacion n\u00ebse ka njer\u00ebz t\u00eb l\u00ebnduar apo d\u00ebme materiale.<\/p>\n","protected":false},"excerpt":{"rendered":"<p>Toka nuk gjen qet\u00ebsi n\u00eb rajon. Nj\u00eb t\u00ebrmet me magnitud\u00eb 4.5 i shkall\u00ebs Richter ka goditur sot ishullin e Zakinthos n\u00eb Greqi. Epiqendra e l\u00ebkundjes ishte 15 kilometra nga Gaitanio dhe 97 kilometra nga Patra. Nd\u00ebrsa thell\u00ebsia ishte 9 kilometra. Ende nuk ka informacion n\u00ebse ka njer\u00ebz t\u00eb l\u00ebnduar apo d\u00ebme materiale.<\/p>\n","protected":false},"author":1,"featured_media":5887,"comment_status":"closed","ping_status":"closed","sticky":true,"template":"","format":"standard","meta":{"_jetpack_memberships_contains_paid_content":false,"footnotes":""},"categories":[38],"tags":[],"jetpack_sharing_enabled":true,"jetpack_featured_media_url":"https:\/\/voranews.al\/wp-content\/uploads\/2021\/02\/2E260988-5CA9-425D-A44B-98DCDC4AC71B.jpeg","_links":{"self":[{"href":"https:\/\/voranews.al\/index.php?rest_route=\/wp\/v2\/posts\/5886"}],"collection":[{"href":"https:\/\/voranews.al\/index.php?rest_route=\/wp\/v2\/posts"}],"about":[{"href":"https:\/\/voranews.al\/index.php?rest_route=\/wp\/v2\/types\/post"}],"author":[{"embeddable":true,"href":"https:\/\/voranews.al\/index.php?rest_route=\/wp\/v2\/users\/1"}],"replies":[{"embeddable":true,"href":"https:\/\/voranews.al\/index.php?rest_route=%2Fwp%2Fv2%2Fcomments&post=5886"}],"version-history":[{"count":1,"href":"https:\/\/voranews.al\/index.php?rest_route=\/wp\/v2\/posts\/5886\/revisions"}],"predecessor-version":[{"id":5888,"href":"https:\/\/voranews.al\/index.php?rest_route=\/wp\/v2\/posts\/5886\/revisions\/5888"}],"wp:featuredmedia":[{"embeddable":true,"href":"https:\/\/voranews.al\/index.php?rest_route=\/wp\/v2\/media\/5887"}],"wp:attachment":[{"href":"https:\/\/voranews.al\/index.php?rest_route=%2Fwp%2Fv2%2Fmedia&parent=5886"}],"wp:term":[{"taxonomy":"category","embeddable":true,"href":"https:\/\/voranews.al\/index.php?rest_route=%2Fwp%2Fv2%2Fcategories&post=5886"},{"taxonomy":"post_tag","embeddable":true,"href":"https:\/\/voranews.al\/index.php?rest_route=%2Fwp%2Fv2%2Ftags&post=5886"}],"curies":[{"name":"wp","href":"https:\/\/api.w.org\/{rel}","templated":true}]}}