{"id":5944,"date":"2021-03-02T15:46:37","date_gmt":"2021-03-02T14:46:37","guid":{"rendered":"https:\/\/voranews.al\/?p=5944"},"modified":"2021-03-02T15:46:44","modified_gmt":"2021-03-02T14:46:44","slug":"kur-do-te-nis-vaksinimi-masiv-rama-kam-besimin-se-2","status":"publish","type":"post","link":"https:\/\/voranews.al\/?p=5944","title":{"rendered":"Kur do t\u00eb nis vaksinimi masiv? Rama: Kam besimin se \u2026"},"content":{"rendered":"\n<p><strong>Tiran\u00eb-\u00a0<a href=\"https:\/\/albanews.al\/ekonomia-ne-fokus-rama-perballe-gazetareve-konferenca-e-fundit-per-kete-mandat\/\">N\u00eb konferenc\u00ebn<\/a>\u00a0p\u00ebr mediat dit\u00ebn e sotme, kreu i qeveris\u00eb tha se \u00ebsht\u00eb besim plot\u00eb q\u00eb shum\u00eb shpejt do t\u00eb marrim frym\u00eb lirisht n\u00eb kuad\u00ebr t\u00eb vaksinimit.<\/strong><em>Nuk e di, ju e keni m\u00eb gjith\u00eb mend apo \u00ebsht\u00eb p\u00ebr t\u00eb b\u00ebr\u00eb nj\u00eb pyetje?! Sepse p\u00ebr k\u00ebt\u00eb tem\u00eb po flasim dhe po flas \u00e7do dit\u00eb. Nuk e di se \u00e7a me th\u00ebn\u00eb; \u2018A ka nj\u00eb dat\u00eb?!\u2019. K\u00ebtu b\u00ebhet fjal\u00eb p\u00ebr t\u00eb siguruar nj\u00eb sasi dozash q\u00eb garantojn\u00eb nj\u00eb fushat\u00eb masive \u00e7do dit\u00eb vaksinimi. P\u00ebr sa koh\u00eb kjo sasi dozash nuk \u00ebsht\u00eb n\u00eb Shqip\u00ebri, data q\u00eb m\u00eb k\u00ebrkoni mua \u00ebsht\u00eb muhabet, hedhim fall. Jam besimplot\u00eb se do t\u00eb kemi shum\u00eb shpejt q\u00eb t\u00eb marrim frym\u00eb krejt lirisht dhe t\u00eb nisim nj\u00eb vaksinimin intensiv. Q\u00eb sezonin veror ta kemi m\u00eb t\u00eb leht\u00ebsuar nga pesha e infektive. Por dat\u00eb, m\u00eb vjen keq, por ka di\u00e7ka q\u00eb nuk shkon n\u00eb pyetje tuaj.\u201d,<\/em>\u00a0tha Rama.<\/p>\n","protected":false},"excerpt":{"rendered":"<p>Tiran\u00eb-\u00a0N\u00eb konferenc\u00ebn\u00a0p\u00ebr mediat dit\u00ebn e sotme, kreu i qeveris\u00eb tha se \u00ebsht\u00eb besim plot\u00eb q\u00eb shum\u00eb shpejt do t\u00eb marrim frym\u00eb lirisht n\u00eb kuad\u00ebr t\u00eb vaksinimit.Nuk e di, ju e keni m\u00eb gjith\u00eb mend apo \u00ebsht\u00eb p\u00ebr t\u00eb b\u00ebr\u00eb nj\u00eb pyetje?! Sepse p\u00ebr k\u00ebt\u00eb tem\u00eb po flasim dhe po flas \u00e7do dit\u00eb. Nuk e di &hellip;<\/p>\n","protected":false},"author":1,"featured_media":5945,"comment_status":"closed","ping_status":"closed","sticky":true,"template":"","format":"standard","meta":{"_jetpack_memberships_contains_paid_content":false,"footnotes":""},"categories":[20],"tags":[],"jetpack_sharing_enabled":true,"jetpack_featured_media_url":"https:\/\/voranews.al\/wp-content\/uploads\/2021\/03\/3BDF994F-30F3-446C-AB48-7A0FA91CEFE1.png","_links":{"self":[{"href":"https:\/\/voranews.al\/index.php?rest_route=\/wp\/v2\/posts\/5944"}],"collection":[{"href":"https:\/\/voranews.al\/index.php?rest_route=\/wp\/v2\/posts"}],"about":[{"href":"https:\/\/voranews.al\/index.php?rest_route=\/wp\/v2\/types\/post"}],"author":[{"embeddable":true,"href":"https:\/\/voranews.al\/index.php?rest_route=\/wp\/v2\/users\/1"}],"replies":[{"embeddable":true,"href":"https:\/\/voranews.al\/index.php?rest_route=%2Fwp%2Fv2%2Fcomments&post=5944"}],"version-history":[{"count":1,"href":"https:\/\/voranews.al\/index.php?rest_route=\/wp\/v2\/posts\/5944\/revisions"}],"predecessor-version":[{"id":5946,"href":"https:\/\/voranews.al\/index.php?rest_route=\/wp\/v2\/posts\/5944\/revisions\/5946"}],"wp:featuredmedia":[{"embeddable":true,"href":"https:\/\/voranews.al\/index.php?rest_route=\/wp\/v2\/media\/5945"}],"wp:attachment":[{"href":"https:\/\/voranews.al\/index.php?rest_route=%2Fwp%2Fv2%2Fmedia&parent=5944"}],"wp:term":[{"taxonomy":"category","embeddable":true,"href":"https:\/\/voranews.al\/index.php?rest_route=%2Fwp%2Fv2%2Fcategories&post=5944"},{"taxonomy":"post_tag","embeddable":true,"href":"https:\/\/voranews.al\/index.php?rest_route=%2Fwp%2Fv2%2Ftags&post=5944"}],"curies":[{"name":"wp","href":"https:\/\/api.w.org\/{rel}","templated":true}]}}