{"id":5953,"date":"2021-03-02T20:30:30","date_gmt":"2021-03-02T19:30:30","guid":{"rendered":"https:\/\/voranews.al\/?p=5953"},"modified":"2021-03-02T20:30:34","modified_gmt":"2021-03-02T19:30:34","slug":"prekese-nena-me-kancer-blen-dhurata-per-femijet-kur-ajo-te-mos-jete-me-prane-tyre","status":"publish","type":"post","link":"https:\/\/voranews.al\/?p=5953","title":{"rendered":"Prek\u00ebse, n\u00ebna me kancer blen dhurata p\u00ebr f\u00ebmij\u00ebt kur ajo t\u00eb mos jet\u00eb m\u00eb pran\u00eb tyre"},"content":{"rendered":"\n<p>Nj\u00eb ngjarje prek\u00ebse ka ndodhur n\u00eb Britani ku nj\u00eb n\u00ebn\u00eb e re e cila ka shum\u00eb pak jet\u00eb pasi \u00ebsht\u00eb e s\u00ebmur\u00eb me kancer ka l\u00ebn\u00eb shum\u00eb mesazhe dhe dhurata gati p\u00ebr f\u00ebmij\u00ebt e saj momentin q\u00eb ajo s\u2019do t\u00eb jet\u00eb m\u00eb pran\u00eb tyre.<\/p>\n\n\n\n<p><strong><a href=\"https:\/\/www.kentlive.news\/news\/uk-world-news\/young-mum-dying-rare-cancer-4998111\">Mediat vendase<\/a><\/strong>&nbsp;b\u00ebjn\u00eb me dije se Tiffany Dean nga Herne Bay, Kent, pak para Krishtlindjes u diagnostikua nga nj\u00eb kancer i rrall\u00eb q\u00eb prek vet\u00ebm kat\u00ebr ose pes\u00eb njer\u00ebz n\u00eb 100,000.<\/p>\n\n\n\n<p>Pasi p\u00ebsoi shqet\u00ebsime t\u00eb stomakut p\u00ebr muaj t\u00eb t\u00ebr\u00eb, mjek\u00ebt konfirmuan diagnoz\u00ebn trondit\u00ebse dhe i dhan\u00eb lajmin Tiffany dhe burrit t\u00eb saj Sean, 32 vje\u00e7, se tumori i saj ishte i paoperuesh\u00ebm, dometh\u00ebn\u00eb kanceri i saj n\u00eb faz\u00ebn e avancuar ishte terminal dhe ajo kishte vet\u00ebm pak muaj deri n\u00eb nj\u00eb vit p\u00ebr t\u00eb jetuar, raporton SomersetLive.<\/p>\n\n\n\n<p>Ishte nj\u00eb rrufe n\u00eb qiell p\u00ebr n\u00ebn\u00ebn e re m\u00eb par\u00eb t\u00eb sh\u00ebndetshme p\u00ebr Henry, 7 vje\u00e7, Chloe, gjasht\u00eb dhe 16-muajshe Jacob, por ajo po p\u00ebrqendrohet me vet\u00ebmohim t\u00eb l\u00ebr\u00eb sa m\u00eb shum\u00eb kujtime, mesazhe dhe dhurata p\u00ebr f\u00ebmij\u00ebt e saj.<\/p>\n\n\n\n<p>Sean shpreson shum\u00eb se Tiffany mund t\u00eb jetoj\u00eb aq koh\u00eb sa t\u00eb shoh\u00eb p\u00ebrvjetorin e pest\u00eb t\u00eb martes\u00ebs n\u00eb gusht.<\/p>\n\n\n\n<p>\u201c<em>M\u00eb duket sikur po humbas nj\u00eb cop\u00eb nga vetja<\/em>\u201d, ka th\u00ebn\u00eb ai.<\/p>\n\n\n\n<p>Tani mamaja e p\u00ebrkushtuar po p\u00ebrpiqet t\u00eb imagjinoj\u00eb t\u00eb ardhmen dhe t\u00eb planifikoj\u00eb dhurata t\u00eb p\u00ebrshtatshme p\u00ebr secilin nga f\u00ebmij\u00ebt e saj nd\u00ebrsa rriten<strong>.<\/strong><\/p>\n","protected":false},"excerpt":{"rendered":"<p>Nj\u00eb ngjarje prek\u00ebse ka ndodhur n\u00eb Britani ku nj\u00eb n\u00ebn\u00eb e re e cila ka shum\u00eb pak jet\u00eb pasi \u00ebsht\u00eb e s\u00ebmur\u00eb me kancer ka l\u00ebn\u00eb shum\u00eb mesazhe dhe dhurata gati p\u00ebr f\u00ebmij\u00ebt e saj momentin q\u00eb ajo s\u2019do t\u00eb jet\u00eb m\u00eb pran\u00eb tyre. Mediat vendase&nbsp;b\u00ebjn\u00eb me dije se Tiffany Dean nga Herne Bay, Kent, &hellip;<\/p>\n","protected":false},"author":1,"featured_media":5954,"comment_status":"closed","ping_status":"closed","sticky":true,"template":"","format":"standard","meta":{"_jetpack_memberships_contains_paid_content":false,"footnotes":""},"categories":[38],"tags":[],"jetpack_sharing_enabled":true,"jetpack_featured_media_url":"https:\/\/voranews.al\/wp-content\/uploads\/2021\/03\/298FF844-3157-4FD6-A801-8A8B9215DCE2.jpeg","_links":{"self":[{"href":"https:\/\/voranews.al\/index.php?rest_route=\/wp\/v2\/posts\/5953"}],"collection":[{"href":"https:\/\/voranews.al\/index.php?rest_route=\/wp\/v2\/posts"}],"about":[{"href":"https:\/\/voranews.al\/index.php?rest_route=\/wp\/v2\/types\/post"}],"author":[{"embeddable":true,"href":"https:\/\/voranews.al\/index.php?rest_route=\/wp\/v2\/users\/1"}],"replies":[{"embeddable":true,"href":"https:\/\/voranews.al\/index.php?rest_route=%2Fwp%2Fv2%2Fcomments&post=5953"}],"version-history":[{"count":1,"href":"https:\/\/voranews.al\/index.php?rest_route=\/wp\/v2\/posts\/5953\/revisions"}],"predecessor-version":[{"id":5955,"href":"https:\/\/voranews.al\/index.php?rest_route=\/wp\/v2\/posts\/5953\/revisions\/5955"}],"wp:featuredmedia":[{"embeddable":true,"href":"https:\/\/voranews.al\/index.php?rest_route=\/wp\/v2\/media\/5954"}],"wp:attachment":[{"href":"https:\/\/voranews.al\/index.php?rest_route=%2Fwp%2Fv2%2Fmedia&parent=5953"}],"wp:term":[{"taxonomy":"category","embeddable":true,"href":"https:\/\/voranews.al\/index.php?rest_route=%2Fwp%2Fv2%2Fcategories&post=5953"},{"taxonomy":"post_tag","embeddable":true,"href":"https:\/\/voranews.al\/index.php?rest_route=%2Fwp%2Fv2%2Ftags&post=5953"}],"curies":[{"name":"wp","href":"https:\/\/api.w.org\/{rel}","templated":true}]}}