{"id":5986,"date":"2021-03-03T17:39:52","date_gmt":"2021-03-03T16:39:52","guid":{"rendered":"https:\/\/voranews.al\/?p=5986"},"modified":"2021-03-03T17:39:59","modified_gmt":"2021-03-03T16:39:59","slug":"pd-reagon-zyrtarisht-dhe-qeteson-lsi-ne-nuk-ka-bashkeqeverisje-me-ps","status":"publish","type":"post","link":"https:\/\/voranews.al\/?p=5986","title":{"rendered":"PD reagon zyrtarisht dhe qet\u00ebson LSI-n\u00eb: Nuk ka bashk\u00ebqeverisje me PS"},"content":{"rendered":"\n<p>P\u00ebrmes nj\u00eb reagimi n\u00eb rrjetet sociale, Partia demokratike thot\u00eb se nuk do t\u00eb ket\u00eb bashk\u00ebqeverisje me Partin\u00eb Socialiste.<\/p>\n\n\n\n<p>Selia blu thot\u00eb se do t\u00eb fitoj\u00eb zgjedhjet m\u00eb 25 Prill dhe do ta largoj\u00eb k\u00ebt\u00eb qeveri.<\/p>\n","protected":false},"excerpt":{"rendered":"<p>P\u00ebrmes nj\u00eb reagimi n\u00eb rrjetet sociale, Partia demokratike thot\u00eb se nuk do t\u00eb ket\u00eb bashk\u00ebqeverisje me Partin\u00eb Socialiste. Selia blu thot\u00eb se do t\u00eb fitoj\u00eb zgjedhjet m\u00eb 25 Prill dhe do ta largoj\u00eb k\u00ebt\u00eb qeveri.<\/p>\n","protected":false},"author":1,"featured_media":5987,"comment_status":"closed","ping_status":"closed","sticky":true,"template":"","format":"standard","meta":{"_jetpack_memberships_contains_paid_content":false,"footnotes":""},"categories":[20],"tags":[],"jetpack_sharing_enabled":true,"jetpack_featured_media_url":"https:\/\/voranews.al\/wp-content\/uploads\/2021\/03\/F95567A5-A030-4D5B-B88A-A0AAA3235F11.jpeg","_links":{"self":[{"href":"https:\/\/voranews.al\/index.php?rest_route=\/wp\/v2\/posts\/5986"}],"collection":[{"href":"https:\/\/voranews.al\/index.php?rest_route=\/wp\/v2\/posts"}],"about":[{"href":"https:\/\/voranews.al\/index.php?rest_route=\/wp\/v2\/types\/post"}],"author":[{"embeddable":true,"href":"https:\/\/voranews.al\/index.php?rest_route=\/wp\/v2\/users\/1"}],"replies":[{"embeddable":true,"href":"https:\/\/voranews.al\/index.php?rest_route=%2Fwp%2Fv2%2Fcomments&post=5986"}],"version-history":[{"count":1,"href":"https:\/\/voranews.al\/index.php?rest_route=\/wp\/v2\/posts\/5986\/revisions"}],"predecessor-version":[{"id":5988,"href":"https:\/\/voranews.al\/index.php?rest_route=\/wp\/v2\/posts\/5986\/revisions\/5988"}],"wp:featuredmedia":[{"embeddable":true,"href":"https:\/\/voranews.al\/index.php?rest_route=\/wp\/v2\/media\/5987"}],"wp:attachment":[{"href":"https:\/\/voranews.al\/index.php?rest_route=%2Fwp%2Fv2%2Fmedia&parent=5986"}],"wp:term":[{"taxonomy":"category","embeddable":true,"href":"https:\/\/voranews.al\/index.php?rest_route=%2Fwp%2Fv2%2Fcategories&post=5986"},{"taxonomy":"post_tag","embeddable":true,"href":"https:\/\/voranews.al\/index.php?rest_route=%2Fwp%2Fv2%2Ftags&post=5986"}],"curies":[{"name":"wp","href":"https:\/\/api.w.org\/{rel}","templated":true}]}}