{"id":5992,"date":"2021-03-03T21:30:59","date_gmt":"2021-03-03T20:30:59","guid":{"rendered":"https:\/\/voranews.al\/?p=5992"},"modified":"2021-03-03T21:31:04","modified_gmt":"2021-03-03T20:31:04","slug":"a-duhet-te-trembemi-nga-termeti-qe-goditi-greqine-flet-sizmologu-fati-jone-i-mire-dhe-i-keq","status":"publish","type":"post","link":"https:\/\/voranews.al\/?p=5992","title":{"rendered":"A duhet t\u00eb trembemi nga t\u00ebrmeti q\u00eb goditi Greqin\u00eb? Flet sizmologu: Fati jon\u00eb i mir\u00eb dhe i keq"},"content":{"rendered":"\n<p>T\u00ebrmeti 6.3 i shkall\u00ebs rihter q\u00eb goditi sot Greqin\u00eb u ndje edhe n\u00eb Shqip\u00ebri, nd\u00ebrsa shqet\u00ebsim ka shkaktuar edhe n\u00eb Turqi.<em><strong><a href=\"https:\/\/abcnews.al\/sizmiologu-i-njohur-ben-paralajmerimin-e-forte-per-rajonin-pas-termetit-ne-greqi\/\">\u00a0<\/a><\/strong><\/em>Sizmologu Turk Prof. Dr.\u00a0<em><strong><a href=\"https:\/\/www.hurriyet.com.tr\/gundem\/yunanistandaki-siddetli-depremin-ardindan-turkiye-icin-korkutan-aciklama-41754113\" class=\"rank-math-link\">  <\/a><\/strong><\/em>Hasan Sozbilir theksoi se i gjith\u00eb rajoni yn\u00eb tashm\u00eb ka filluar t\u00eb p\u00ebrballet brenda nj\u00eb kohe t\u00eb shkurt\u00ebr me t\u00ebrmete q\u00eb jan\u00eb intensitet 6 ose mbi 6 t\u00eb shkall\u00ebs rihter dhe kjo nuk \u00ebsht\u00eb aspak e rast\u00ebsishme, raporton abcnews.al.<\/p>\n\n\n\n<p>Nga t\u00ebrmeti n\u00eb Shqip\u00ebri n\u00ebntorin e vitit 2019, te ai i Kroacis\u00eb, Izmirit dhe tashm\u00eb n\u00eb Greqi t\u00eb gjith\u00eb jan\u00eb me magnitud\u00eb mbi 6. Por a duhet t\u00eb shqet\u00ebsohemi n\u00eb Shqip\u00ebri pas t\u00ebrmetit t\u00eb fort\u00eb q\u00eb shkundi sot Greqin\u00eb?<\/p>\n\n\n\n<p>Sizmologu Rexhep Ko\u00e7i n\u00eb nj\u00eb prononcim tha se nuk duhet t\u00eb ket\u00eb frik\u00eb p\u00ebr territorin ton\u00eb. Sipas tij harku i Egjeut ka tjet\u00ebr marr\u00ebdh\u00ebnie tektonike me pjes\u00ebn ton\u00eb per\u00ebndimore. Rajoni jon\u00eb, tha m\u00eb tej Ko\u00e7i ka fatin e mir\u00eb p\u00ebr klim\u00ebn, por fatin e keq p\u00ebr faktin q\u00eb ka aktivitet t\u00eb lart\u00eb sizmik.<\/p>\n\n\n\n<p>\u201c<em>Rajoni i Ballkanit nuk \u00ebsht\u00eb vet\u00ebm tani i prekur nga t\u00ebrmetet, her\u00eb pas here \u00ebsht\u00eb prekur nga magnituda 5 e gjysm\u00eb deri n\u00eb 6 dhe mbi 6, si t\u00ebrmeti i jon\u00eb n\u00eb n\u00ebntor t\u00eb vitit t\u00eb kaluar.<\/em><\/p>\n\n\n\n<p><em>Por ajo q\u00eb mund t\u00eb themi \u00ebsht\u00eb q\u00eb nuk \u00ebsht\u00eb e th\u00ebn\u00eb se \u00ebsht\u00eb prekur n\u00eb Turqi, harku i Egjeut n\u00eb ishujt grek\u00eb dhe ky sot n\u00eb korridorin e Patr\u00ebs, q\u00eb ka nj\u00eb kanal, nuk \u00ebsht\u00eb puna se veprojn\u00eb n\u00eb unison. Nuk funksionon, q\u00eb u prek atje, u prek k\u00ebtu, na vjen radha ne, nuk funksionon k\u00ebshtu.<\/em><\/p>\n\n\n\n<p><em>Ballkani her\u00eb pas here, p\u00ebr vet\u00eb faktin, nd\u00ebrtimin gjeologjik dhe pozicionin n\u00eb aspektin tektonik, q\u00eb z\u00eb, q\u00eb \u00ebsht\u00eb pjesa jugore e pllak\u00ebs euro-aziatike q\u00eb konfrontohet me pllak\u00ebn Afrikane, edhe kjo sjell gjenerimin e t\u00ebrmeteve. Kjo shpesht\u00ebsi nuk ka ndonj\u00eb ligj, ka periudha, nuk nxjerrim dot ndonj\u00eb rregull. Ne si sizmolog\u00eb nuk i jam dot dum k\u00ebsaj pune.<\/em><\/p>\n\n\n\n<p><em>Harku i Egjeut ka tjet\u00ebr marr\u00ebdh\u00ebnie tektonike sesa pjesa per\u00ebndimore e jona, preket nga t\u00ebrmetet por nuk ka t\u00eb nj\u00ebjt\u00ebn marr\u00ebdh\u00ebnie me nj\u00ebsit\u00eb tektonike. Nuk ka ndonj\u00eb frik\u00eb p\u00ebr territorin ton\u00eb. Territori jon\u00eb mund t\u00eb preket n\u00eb cdo koh\u00eb, por jo t\u00eb jet\u00eb e lidhur, se ra n\u00eb Greqi sot dhe n\u00eb Turqi nes\u00ebr dhe pastaj e kemi ne radh\u00ebn. Se po t\u00eb ishte k\u00ebshtu do t\u00eb ishte mir\u00eb se do t\u00eb merrnim masa.<\/em><\/p>\n\n\n\n<p><em>Fati jon\u00eb i keq q\u00eb jemi n\u00eb k\u00ebt\u00eb pozicion, por jon\u00eb fati i jon\u00eb i mir\u00eb q\u00eb kemi diell, det, mal. Fati i keq q\u00eb ka aktivitet t\u00eb lart\u00eb sizmik. Por klim\u00ebn ton\u00eb s\u2019ke p\u00ebr ta gjetur gj\u00ebkundi<\/em>\u201d p\u00ebrfundoi ai, prononcim<em><strong>.<\/strong><\/em><\/p>\n","protected":false},"excerpt":{"rendered":"<p>T\u00ebrmeti 6.3 i shkall\u00ebs rihter q\u00eb goditi sot Greqin\u00eb u ndje edhe n\u00eb Shqip\u00ebri, nd\u00ebrsa shqet\u00ebsim ka shkaktuar edhe n\u00eb Turqi.\u00a0Sizmologu Turk Prof. Dr.\u00a0 Hasan Sozbilir theksoi se i gjith\u00eb rajoni yn\u00eb tashm\u00eb ka filluar t\u00eb p\u00ebrballet brenda nj\u00eb kohe t\u00eb shkurt\u00ebr me t\u00ebrmete q\u00eb jan\u00eb intensitet 6 ose mbi 6 t\u00eb shkall\u00ebs rihter dhe &hellip;<\/p>\n","protected":false},"author":1,"featured_media":5993,"comment_status":"closed","ping_status":"closed","sticky":true,"template":"","format":"standard","meta":{"_jetpack_memberships_contains_paid_content":false,"footnotes":""},"categories":[38],"tags":[],"jetpack_sharing_enabled":true,"jetpack_featured_media_url":"https:\/\/voranews.al\/wp-content\/uploads\/2021\/03\/E15D54E3-0F66-4A5D-AE04-64EB889765E2.jpeg","_links":{"self":[{"href":"https:\/\/voranews.al\/index.php?rest_route=\/wp\/v2\/posts\/5992"}],"collection":[{"href":"https:\/\/voranews.al\/index.php?rest_route=\/wp\/v2\/posts"}],"about":[{"href":"https:\/\/voranews.al\/index.php?rest_route=\/wp\/v2\/types\/post"}],"author":[{"embeddable":true,"href":"https:\/\/voranews.al\/index.php?rest_route=\/wp\/v2\/users\/1"}],"replies":[{"embeddable":true,"href":"https:\/\/voranews.al\/index.php?rest_route=%2Fwp%2Fv2%2Fcomments&post=5992"}],"version-history":[{"count":1,"href":"https:\/\/voranews.al\/index.php?rest_route=\/wp\/v2\/posts\/5992\/revisions"}],"predecessor-version":[{"id":5994,"href":"https:\/\/voranews.al\/index.php?rest_route=\/wp\/v2\/posts\/5992\/revisions\/5994"}],"wp:featuredmedia":[{"embeddable":true,"href":"https:\/\/voranews.al\/index.php?rest_route=\/wp\/v2\/media\/5993"}],"wp:attachment":[{"href":"https:\/\/voranews.al\/index.php?rest_route=%2Fwp%2Fv2%2Fmedia&parent=5992"}],"wp:term":[{"taxonomy":"category","embeddable":true,"href":"https:\/\/voranews.al\/index.php?rest_route=%2Fwp%2Fv2%2Fcategories&post=5992"},{"taxonomy":"post_tag","embeddable":true,"href":"https:\/\/voranews.al\/index.php?rest_route=%2Fwp%2Fv2%2Ftags&post=5992"}],"curies":[{"name":"wp","href":"https:\/\/api.w.org\/{rel}","templated":true}]}}