{"id":6020,"date":"2021-03-04T20:47:35","date_gmt":"2021-03-04T19:47:35","guid":{"rendered":"https:\/\/voranews.al\/?p=6020"},"modified":"2021-03-04T20:47:41","modified_gmt":"2021-03-04T19:47:41","slug":"gjermania-do-zbute-gradualisht-masat-kufizuese-ndaj-covid-19","status":"publish","type":"post","link":"https:\/\/voranews.al\/?p=6020","title":{"rendered":"Gjermania do zbut\u00eb gradualisht masat kufizuese ndaj COVID-19"},"content":{"rendered":"\n<p><strong>GJERMANI<\/strong>\u2013 N\u00ebnt\u00eb or\u00eb zgjat\u00ebn konsultimet (03.03) mes kancelares Angela Merkel dhe kryeministrave t\u00eb Landeve lidhur me ecurin\u00eb e m\u00ebtejshme t\u00eb masave kufizuese prej pandemis\u00eb s\u00eb koronavirusit.\u00a0Lockdown aktualisht n\u00eb fuqi deri m\u00eb 7 mars do t\u00eb zbutet gradualisht. Nga 8 marsi do t\u00eb lejohet hapja e dyqaneve n\u00eb zonat q\u00eb kan\u00eb nj\u00eb kuot\u00eb t\u00eb ul\u00ebt infeksionesh, n\u00ebn 50 p\u00ebr 100.000 banor\u00eb n\u00eb intervalin kohor prej shtat\u00eb dit\u00ebsh.<\/p>\n\n\n\n<h2 class=\"wp-block-heading\">Blerje \u201cklick and meet\u201d<\/h2>\n\n\n\n<p>N\u00eb rast se incidenca \u00ebsht\u00eb mbi 50 do t\u00eb aplikohet sistemi i blerjeve \u201cklick and meet\u201d, klienti mund t\u00eb rezervoj\u00eb nj\u00eb orar t\u00eb caktuar me dyqanin p\u00ebrkat\u00ebs p\u00ebr blerjen. Me nj\u00eb incidenc\u00eb me m\u00eb shum\u00eb se 100 infeksione p\u00ebrgjat\u00eb tri dit\u00ebve n\u00eb zon\u00ebn e prekur do t\u00eb mbyllen s\u00ebrish dyqanet dhe aktivitetet e tjera. Sa i p\u00ebrket sektorit t\u00eb gastronomis\u00eb, kancelarja Merkel n\u00eb konferenc\u00ebn e shtypit tha, se n\u00eb rast se incidenca n\u00ebn 50 \u00ebsht\u00eb e q\u00ebndrueshme n\u00eb harkun kohor t\u00eb 14 dit\u00ebve, at\u00ebher\u00eb mund t\u00eb hapen lokalet q\u00eb ofrojn\u00eb sh\u00ebrbime n\u00eb mjedise t\u00eb hapura.<\/p>\n\n\n\n<p>N\u00ebse shifrat e infeksioneve do t\u00eb jen\u00eb n\u00eb r\u00ebnie \u00ebsht\u00eb vendosur edhe hapja graduale e aktiviteteve t\u00eb tjera. Me incidenc\u00eb n\u00ebn 100 raste t\u00eb reja p\u00ebr 100.000 banor\u00eb me respektimin rigoroz t\u00eb rregullave t\u00eb higjen\u00ebs mund t\u00eb hapen edhe muzet\u00eb, kopshtet zoologjike e botanike si dhe vendet p\u00ebrkujtimore. Nd\u00ebrsa me incidenc\u00ebn n\u00ebn 50 aksesi do t\u00eb jet\u00eb m\u00eb i leht\u00eb n\u00eb t\u00eb gjitha aktivitetet e koh\u00ebs s\u00eb lir\u00eb.<\/p>\n\n\n\n<figure class=\"wp-block-image\"><img decoding=\"async\" src=\"https:\/\/static.dw.com\/image\/56765466_301.jpg\" alt=\"Angela Merkel I PK COVID-19\"\/><\/figure>\n\n\n\n<h2 class=\"wp-block-heading\">Hapje me \u201cfren\u00eb emergjence\u201d<\/h2>\n\n\n\n<p>Lidhur me ecurin\u00eb e \u00e7al\u00eb t\u00eb vaksinimit synohet q\u00eb duke nisur nga fillimi i prilit n\u00eb k\u00ebt\u00eb proces t\u00eb involvohen m\u00eb shum\u00eb se deri tani mjek\u00ebt ekspert\u00eb dhe mjek\u00ebt e familjes. Aktualisht vaksinimi zhvillohet vet\u00ebm n\u00eb qendrat e krijuara enkas.<\/p>\n\n\n\n<p>Esht\u00eb vendosur gjithashtu q\u00eb duke nisur nga 8 marsi \u00e7do qytetari do t\u2019i ofrohet nj\u00eb test i shpejt\u00eb ndaj koronavirusit falas, vuri n\u00eb dukje kancelarja pas konsultimeve me kryeministrat e landeve. Qendrat lokale t\u00eb testimit do t\u00eb ven\u00eb n\u00eb dispozicion infrastruktur\u00ebn e nevojshme.<a href=\"https:\/\/www.facebook.com\/groups\/878386325889668\/\">l<\/a><\/p>\n\n\n\n<p>Merkel e quajti k\u00ebt\u00eb nj\u00eb \u201etranzicion n\u00eb nj\u00eb faz\u00eb t\u00eb re\u201d. Megjithat\u00eb ajo thekson, se nuk duhet t\u00eb jemi t\u00eb shpenguar, por t\u00eb kemi shpresa t\u00eb bazuara. Esht\u00eb e r\u00ebnd\u00ebsishme q\u00eb \u201ehapat e m\u00ebtejsh\u00ebm t\u00eb b\u00ebhen me men\u00e7uri.\u201d<\/p>\n\n\n\n<p>Federata dhe landet ran\u00eb dakord p\u00ebr t\u00eb ashtuquajtur\u00ebn \u201efrena e emergjenc\u00ebs\u201d n\u00eb rast se incidenca shtat\u00eb ditore arrin n\u00eb 100. N\u00eb nj\u00eb rast t\u00eb till\u00eb duhet t\u00eb sprapsen vendimet p\u00ebr hapjen.<\/p>\n\n\n\n<p>Marr\u00eb nga DW<\/p>\n","protected":false},"excerpt":{"rendered":"<p>GJERMANI\u2013 N\u00ebnt\u00eb or\u00eb zgjat\u00ebn konsultimet (03.03) mes kancelares Angela Merkel dhe kryeministrave t\u00eb Landeve lidhur me ecurin\u00eb e m\u00ebtejshme t\u00eb masave kufizuese prej pandemis\u00eb s\u00eb koronavirusit.\u00a0Lockdown aktualisht n\u00eb fuqi deri m\u00eb 7 mars do t\u00eb zbutet gradualisht. Nga 8 marsi do t\u00eb lejohet hapja e dyqaneve n\u00eb zonat q\u00eb kan\u00eb nj\u00eb kuot\u00eb t\u00eb ul\u00ebt infeksionesh, &hellip;<\/p>\n","protected":false},"author":1,"featured_media":6021,"comment_status":"closed","ping_status":"closed","sticky":true,"template":"","format":"standard","meta":{"_jetpack_memberships_contains_paid_content":false,"footnotes":""},"categories":[38],"tags":[],"jetpack_sharing_enabled":true,"jetpack_featured_media_url":"https:\/\/voranews.al\/wp-content\/uploads\/2021\/03\/9DCB39FA-854D-48DD-8765-CB94ECFAF6B3.jpeg","_links":{"self":[{"href":"https:\/\/voranews.al\/index.php?rest_route=\/wp\/v2\/posts\/6020"}],"collection":[{"href":"https:\/\/voranews.al\/index.php?rest_route=\/wp\/v2\/posts"}],"about":[{"href":"https:\/\/voranews.al\/index.php?rest_route=\/wp\/v2\/types\/post"}],"author":[{"embeddable":true,"href":"https:\/\/voranews.al\/index.php?rest_route=\/wp\/v2\/users\/1"}],"replies":[{"embeddable":true,"href":"https:\/\/voranews.al\/index.php?rest_route=%2Fwp%2Fv2%2Fcomments&post=6020"}],"version-history":[{"count":1,"href":"https:\/\/voranews.al\/index.php?rest_route=\/wp\/v2\/posts\/6020\/revisions"}],"predecessor-version":[{"id":6022,"href":"https:\/\/voranews.al\/index.php?rest_route=\/wp\/v2\/posts\/6020\/revisions\/6022"}],"wp:featuredmedia":[{"embeddable":true,"href":"https:\/\/voranews.al\/index.php?rest_route=\/wp\/v2\/media\/6021"}],"wp:attachment":[{"href":"https:\/\/voranews.al\/index.php?rest_route=%2Fwp%2Fv2%2Fmedia&parent=6020"}],"wp:term":[{"taxonomy":"category","embeddable":true,"href":"https:\/\/voranews.al\/index.php?rest_route=%2Fwp%2Fv2%2Fcategories&post=6020"},{"taxonomy":"post_tag","embeddable":true,"href":"https:\/\/voranews.al\/index.php?rest_route=%2Fwp%2Fv2%2Ftags&post=6020"}],"curies":[{"name":"wp","href":"https:\/\/api.w.org\/{rel}","templated":true}]}}