{"id":6026,"date":"2021-03-04T21:58:19","date_gmt":"2021-03-04T20:58:19","guid":{"rendered":"https:\/\/voranews.al\/?p=6026"},"modified":"2021-03-04T21:58:28","modified_gmt":"2021-03-04T20:58:28","slug":"termetet-e-fuqishme-sizmiologu-turk-rajoni-ndodhet-ne-stuhi-lekundjesh","status":"publish","type":"post","link":"https:\/\/voranews.al\/?p=6026","title":{"rendered":"T\u00ebrmetet e fuqishme\/ Sizmiologu turk: Rajoni ndodhet n\u00eb \u2018stuhi l\u00ebkundjesh\u2019"},"content":{"rendered":"\n<p>Greqia u trondit mbr\u00ebmjen e sotme nga nj\u00eb tjet\u00ebr t\u00ebrmet i fuqish\u00ebm, pas atij t\u00eb djeshmit.<\/p>\n\n\n\n<p>Por l\u00ebkundjet sizmike n\u00eb shtetin helen, t\u00eb dy me epiqend\u00ebr pran\u00eb Larisas, kan\u00eb shkaktuar mjaft shqet\u00ebsim edhe tek sizmiolog\u00ebt turq, pasi sipas tyre, ka t\u00eb dh\u00ebna q\u00eb i gjith\u00eb rajoni tashm\u00eb \u00ebsht\u00eb n\u00ebn nj\u00eb \u201cstuhi t\u00ebrmetesh\u201d relativisht t\u00eb fuqishme.<\/p>\n\n\n\n<p>Sizmilogu turk Prof.Dr Hasan Sozbilir do t\u00eb shprehej nj\u00eb dit\u00eb m\u00eb par\u00eb se i gjith\u00eb rajoni yn\u00eb tashm\u00eb ka filluar t\u00eb p\u00ebrballet brenda nj\u00eb kohe t\u00eb shkurt\u00ebr me t\u00ebrmete q\u00eb jan\u00eb intensitet 6 ose mbi 6 t\u00eb shkall\u00ebs Rihter dhe kjo nuk \u00ebsht\u00eb aspak e rast\u00ebsishme.<\/p>\n\n\n\n<p>Sipas tij, rajoni \u00ebsht\u00eb n\u00ebn nj\u00eb presion t\u00eb madh dhe ky \u00ebsht\u00eb shkaku pse ka t\u00ebrmete t\u00eb fuqishme, p\u00ebrcjell Ora News.<\/p>\n\n\n\n<p>Ai kujton t\u00ebrmetin e Izmirit pak muaj m\u00eb par\u00eb q\u00eb shkaktoi m\u00eb shum\u00eb se 50 viktima, nd\u00ebrsa shton se t\u00ebrmet e fundit n\u00eb Greqi jan\u00eb n\u00eb vazhd\u00ebn e tij.<\/p>\n\n\n\n<p>\u201cKa disa muaj q\u00eb zona po p\u00ebrballet me t\u00ebrmete t\u00eb fuqish\u00ebm. Fillimisht pllakat tektonike u thyen n\u00eb ishullin Samos (p\u00ebrball\u00eb Izmirit), tani n\u00eb Larisa dhe ka shum\u00eb gjasa q\u00eb n\u00eb rajon t\u00eb p\u00ebrballemi s\u00ebrish me t\u00ebrmete t\u00eb k\u00ebsaj force n\u00eb muajt n\u00eb vijim\u201d, shprehet sizmiologu, raportojn\u00eb mediat turke.<\/p>\n\n\n\n<p>P\u00ebr fat t\u00eb mir\u00eb, t\u00ebrmetet n\u00eb Greqi nuk jan\u00eb pasuar me viktima n\u00eb njer\u00ebz, nd\u00ebrsa l\u00ebkundjet jan\u00eb ndjer\u00eb dhe n\u00eb Shqip\u00ebri.<\/p>\n","protected":false},"excerpt":{"rendered":"<p>Greqia u trondit mbr\u00ebmjen e sotme nga nj\u00eb tjet\u00ebr t\u00ebrmet i fuqish\u00ebm, pas atij t\u00eb djeshmit. Por l\u00ebkundjet sizmike n\u00eb shtetin helen, t\u00eb dy me epiqend\u00ebr pran\u00eb Larisas, kan\u00eb shkaktuar mjaft shqet\u00ebsim edhe tek sizmiolog\u00ebt turq, pasi sipas tyre, ka t\u00eb dh\u00ebna q\u00eb i gjith\u00eb rajoni tashm\u00eb \u00ebsht\u00eb n\u00ebn nj\u00eb \u201cstuhi t\u00ebrmetesh\u201d relativisht t\u00eb fuqishme. &hellip;<\/p>\n","protected":false},"author":1,"featured_media":6027,"comment_status":"closed","ping_status":"closed","sticky":true,"template":"","format":"standard","meta":{"_jetpack_memberships_contains_paid_content":false,"footnotes":""},"categories":[38],"tags":[],"jetpack_sharing_enabled":true,"jetpack_featured_media_url":"https:\/\/voranews.al\/wp-content\/uploads\/2021\/03\/CC867CE9-CD94-4015-888D-8436BF6DBEDB.jpeg","_links":{"self":[{"href":"https:\/\/voranews.al\/index.php?rest_route=\/wp\/v2\/posts\/6026"}],"collection":[{"href":"https:\/\/voranews.al\/index.php?rest_route=\/wp\/v2\/posts"}],"about":[{"href":"https:\/\/voranews.al\/index.php?rest_route=\/wp\/v2\/types\/post"}],"author":[{"embeddable":true,"href":"https:\/\/voranews.al\/index.php?rest_route=\/wp\/v2\/users\/1"}],"replies":[{"embeddable":true,"href":"https:\/\/voranews.al\/index.php?rest_route=%2Fwp%2Fv2%2Fcomments&post=6026"}],"version-history":[{"count":1,"href":"https:\/\/voranews.al\/index.php?rest_route=\/wp\/v2\/posts\/6026\/revisions"}],"predecessor-version":[{"id":6028,"href":"https:\/\/voranews.al\/index.php?rest_route=\/wp\/v2\/posts\/6026\/revisions\/6028"}],"wp:featuredmedia":[{"embeddable":true,"href":"https:\/\/voranews.al\/index.php?rest_route=\/wp\/v2\/media\/6027"}],"wp:attachment":[{"href":"https:\/\/voranews.al\/index.php?rest_route=%2Fwp%2Fv2%2Fmedia&parent=6026"}],"wp:term":[{"taxonomy":"category","embeddable":true,"href":"https:\/\/voranews.al\/index.php?rest_route=%2Fwp%2Fv2%2Fcategories&post=6026"},{"taxonomy":"post_tag","embeddable":true,"href":"https:\/\/voranews.al\/index.php?rest_route=%2Fwp%2Fv2%2Ftags&post=6026"}],"curies":[{"name":"wp","href":"https:\/\/api.w.org\/{rel}","templated":true}]}}