{"id":6046,"date":"2021-03-05T10:15:09","date_gmt":"2021-03-05T09:15:09","guid":{"rendered":"https:\/\/voranews.al\/?p=6046"},"modified":"2021-03-05T10:15:17","modified_gmt":"2021-03-05T09:15:17","slug":"foto-nga-vendngjarja-aksidenti-i-tmerrshem-me-tre-viktima-ne-tirane-policia-arreston-shoferin-27-vjecar","status":"publish","type":"post","link":"https:\/\/voranews.al\/?p=6046","title":{"rendered":"FOTO NGA VENDNGJARJA\/ Aksidenti i tmerrsh\u00ebm me tre viktima n\u00eb Tiran\u00eb, policia arreston shoferin 27-vje\u00e7ar"},"content":{"rendered":"\n<p>Policia e Tiran\u00ebs ka v\u00ebn\u00eb n\u00eb pranga t\u00eb riun q\u00eb drejtonte mjetin q\u00eb u aksidentua mbr\u00ebmjen e djeshme n\u00eb af\u00ebrsi t\u00eb Kod\u00ebr Kasharit.\u00a027-vje\u00e7ari Zija Stefanescu \u00ebsht\u00eb arrestuar p\u00ebr shkak se ka qen\u00eb duke e drejtuar mjetin n\u00eb shkelje t\u00eb rregullave t\u00eb qarkullimit, n\u00eb momentin kur humbi kontrollin dhe u p\u00ebrplas me murin e nj\u00eb banese. Ai u d\u00ebrgua edhe vet\u00eb n\u00eb gjendje t\u00eb r\u00ebnd\u00eb n\u00eb spital.<\/p>\n\n\n\n<p>pasoj\u00eb e aksidentit vdiq\u00ebn 3 pasagjer\u00ebt n\u00eb makin\u00eb. M\u00ebsohet se viktimat jan\u00eb: Ismail Sulaj 56 vje\u00e7, Belul Sulaj 53 vje\u00e7 (v\u00ebllez\u00ebr me nj\u00ebri tjetrin), dhe Dashamir Dema 50-vje\u00e7, t\u00eb cil\u00ebt kan\u00eb humbur jet\u00ebn n\u00eb vend si pasoj\u00eb e p\u00ebrplasjes s\u00eb fort\u00eb.<\/p>\n\n\n\n<figure class=\"wp-block-image\"><img decoding=\"async\" src=\"https:\/\/albanews.al\/wp-content\/uploads\/2021\/03\/111.png\" alt=\"\" class=\"wp-image-24901\"\/><\/figure>\n\n\n\n<figure class=\"wp-block-image\"><img decoding=\"async\" src=\"https:\/\/albanews.al\/wp-content\/uploads\/2021\/03\/222.png\" alt=\"\" class=\"wp-image-24902\"\/><\/figure>\n","protected":false},"excerpt":{"rendered":"<p>Policia e Tiran\u00ebs ka v\u00ebn\u00eb n\u00eb pranga t\u00eb riun q\u00eb drejtonte mjetin q\u00eb u aksidentua mbr\u00ebmjen e djeshme n\u00eb af\u00ebrsi t\u00eb Kod\u00ebr Kasharit.\u00a027-vje\u00e7ari Zija Stefanescu \u00ebsht\u00eb arrestuar p\u00ebr shkak se ka qen\u00eb duke e drejtuar mjetin n\u00eb shkelje t\u00eb rregullave t\u00eb qarkullimit, n\u00eb momentin kur humbi kontrollin dhe u p\u00ebrplas me murin e nj\u00eb banese. &hellip;<\/p>\n","protected":false},"author":1,"featured_media":6047,"comment_status":"closed","ping_status":"closed","sticky":true,"template":"","format":"standard","meta":{"_jetpack_memberships_contains_paid_content":false,"footnotes":""},"categories":[4],"tags":[],"jetpack_sharing_enabled":true,"jetpack_featured_media_url":"https:\/\/voranews.al\/wp-content\/uploads\/2021\/03\/FD62917C-9903-4302-9D39-942CA25B033A.jpeg","_links":{"self":[{"href":"https:\/\/voranews.al\/index.php?rest_route=\/wp\/v2\/posts\/6046"}],"collection":[{"href":"https:\/\/voranews.al\/index.php?rest_route=\/wp\/v2\/posts"}],"about":[{"href":"https:\/\/voranews.al\/index.php?rest_route=\/wp\/v2\/types\/post"}],"author":[{"embeddable":true,"href":"https:\/\/voranews.al\/index.php?rest_route=\/wp\/v2\/users\/1"}],"replies":[{"embeddable":true,"href":"https:\/\/voranews.al\/index.php?rest_route=%2Fwp%2Fv2%2Fcomments&post=6046"}],"version-history":[{"count":1,"href":"https:\/\/voranews.al\/index.php?rest_route=\/wp\/v2\/posts\/6046\/revisions"}],"predecessor-version":[{"id":6048,"href":"https:\/\/voranews.al\/index.php?rest_route=\/wp\/v2\/posts\/6046\/revisions\/6048"}],"wp:featuredmedia":[{"embeddable":true,"href":"https:\/\/voranews.al\/index.php?rest_route=\/wp\/v2\/media\/6047"}],"wp:attachment":[{"href":"https:\/\/voranews.al\/index.php?rest_route=%2Fwp%2Fv2%2Fmedia&parent=6046"}],"wp:term":[{"taxonomy":"category","embeddable":true,"href":"https:\/\/voranews.al\/index.php?rest_route=%2Fwp%2Fv2%2Fcategories&post=6046"},{"taxonomy":"post_tag","embeddable":true,"href":"https:\/\/voranews.al\/index.php?rest_route=%2Fwp%2Fv2%2Ftags&post=6046"}],"curies":[{"name":"wp","href":"https:\/\/api.w.org\/{rel}","templated":true}]}}