{"id":6084,"date":"2021-03-05T20:54:44","date_gmt":"2021-03-05T19:54:44","guid":{"rendered":"https:\/\/voranews.al\/?p=6084"},"modified":"2021-03-05T20:54:48","modified_gmt":"2021-03-05T19:54:48","slug":"atentat-ne-shkup-ekzekutohen-dy-shqiptare-ne-mesnate-brenda-nje-makine","status":"publish","type":"post","link":"https:\/\/voranews.al\/?p=6084","title":{"rendered":"Atentat n\u00eb Shkup, ekzekutohen dy shqiptar\u00eb n\u00eb mesnat\u00eb brenda nj\u00eb makin\u00eb"},"content":{"rendered":"\n<p><strong>MAQEDONIA E VERIUT-<\/strong>\u00a0Dy shqiptar\u00eb t\u00eb moshave 24 dhe 28 vje\u00e7 B.V dhe A.B\u00a0jan\u00eb ekzekutuar me arm\u00eb zjarri rreth or\u00ebs 2:35 t\u00eb m\u00ebngjesit t\u00eb sot\u00ebm. Ngjarja e r\u00ebnd\u00eb ka ndodhur n\u00eb Shkup, n\u00eb lagjen Fush\u00eb Tophan\u00eb e njohur ndryshe edhe si \u00c7air, e banuar me shumic\u00eb shqiptare.<\/p>\n\n\n\n<p>Mediat e Maqedonis\u00eb s\u00eb Veriut shkruajn\u00eb se ngjarja ka ndodhur brenda pak sekondave, bazuar n\u00eb hetimet paraprake. Viktimat ishin brenda nj\u00eb makine t\u00eb parkuar krah nj\u00eb rruge, kur autor\u00ebt jan\u00eb afruar pran\u00eb tyre. K\u00ebta t\u00eb fundit nga nj\u00eb makin\u00eb n\u00eb ecje kan\u00eb ulu xhamin dhe kan\u00eb q\u00eblluar drejt t\u00eb dy shqiptar\u00ebve, duke i l\u00ebn\u00eb t\u00eb vdekur n\u00eb vend.<\/p>\n\n\n\n<p>Trupat e viktimave jan\u00eb gjetur t\u00eb ulur n\u00eb sedilje t\u00eb makinave, pak minuta pas vrasjes, nd\u00ebrkoh\u00eb q\u00eb kan\u00eb nisur hetimet. Jan\u00eb sekuestruar g\u00ebzhojat, gjurm\u00eb t\u00eb gjetura n\u00eb vendin e ngjarjes dhe pamjet filmike t\u00eb kamerave t\u00eb siguris\u00eb s\u00eb bizneseve t\u00eb k\u00ebsaj zone. Si\u00e7 edhe shkruajn\u00eb mediat lokale, krimi ka ndodhur n\u00eb m\u00ebnyr\u00eb t\u00eb b\u00ebfasishme dhe se mes autor\u00ebve e viktimave nuk \u00ebsht\u00eb shk\u00ebmbyer asnj\u00eb fjal\u00eb.<\/p>\n\n\n\n<p>Gjat\u00eb atentatit autor\u00ebt m\u00ebsohet se kan\u00eb p\u00ebrdorur dy arm\u00eb zjarri, referuar g\u00ebzhojave t\u00eb gjetura, por nuk dihet ende se sa persona kan\u00eb qen\u00eb. Dyshohet se edhe autor\u00ebt e krimit, nj\u00ebsoj si viktimat jan\u00eb shqiptar\u00eb, por ende jan\u00eb t\u00eb paidentifikuar.<\/p>\n\n\n\n<p>N\u00eb vendngjarje nuk ka pasur d\u00ebshmitar\u00eb p\u00ebr shkak t\u00eb or\u00ebs s\u00eb von\u00eb kur ka ndodhur krimi, por po merrne n\u00eb pyetje familjar\u00ebt dhe miqt\u00eb e viktimave p\u00ebr t\u00eb zbardhur ndonj\u00eb konflikt q\u00eb dy t\u00eb rinjt\u00eb mund t\u00eb ken\u00eb pasur m\u00eb her\u00ebt.<\/p>\n","protected":false},"excerpt":{"rendered":"<p>MAQEDONIA E VERIUT-\u00a0Dy shqiptar\u00eb t\u00eb moshave 24 dhe 28 vje\u00e7 B.V dhe A.B\u00a0jan\u00eb ekzekutuar me arm\u00eb zjarri rreth or\u00ebs 2:35 t\u00eb m\u00ebngjesit t\u00eb sot\u00ebm. Ngjarja e r\u00ebnd\u00eb ka ndodhur n\u00eb Shkup, n\u00eb lagjen Fush\u00eb Tophan\u00eb e njohur ndryshe edhe si \u00c7air, e banuar me shumic\u00eb shqiptare. Mediat e Maqedonis\u00eb s\u00eb Veriut shkruajn\u00eb se ngjarja ka &hellip;<\/p>\n","protected":false},"author":1,"featured_media":6085,"comment_status":"closed","ping_status":"closed","sticky":true,"template":"","format":"standard","meta":{"_jetpack_memberships_contains_paid_content":false,"footnotes":""},"categories":[38],"tags":[],"jetpack_sharing_enabled":true,"jetpack_featured_media_url":"https:\/\/voranews.al\/wp-content\/uploads\/2021\/03\/203F9B5A-49B7-42B7-A5B2-3D360FF86C6F.jpeg","_links":{"self":[{"href":"https:\/\/voranews.al\/index.php?rest_route=\/wp\/v2\/posts\/6084"}],"collection":[{"href":"https:\/\/voranews.al\/index.php?rest_route=\/wp\/v2\/posts"}],"about":[{"href":"https:\/\/voranews.al\/index.php?rest_route=\/wp\/v2\/types\/post"}],"author":[{"embeddable":true,"href":"https:\/\/voranews.al\/index.php?rest_route=\/wp\/v2\/users\/1"}],"replies":[{"embeddable":true,"href":"https:\/\/voranews.al\/index.php?rest_route=%2Fwp%2Fv2%2Fcomments&post=6084"}],"version-history":[{"count":1,"href":"https:\/\/voranews.al\/index.php?rest_route=\/wp\/v2\/posts\/6084\/revisions"}],"predecessor-version":[{"id":6086,"href":"https:\/\/voranews.al\/index.php?rest_route=\/wp\/v2\/posts\/6084\/revisions\/6086"}],"wp:featuredmedia":[{"embeddable":true,"href":"https:\/\/voranews.al\/index.php?rest_route=\/wp\/v2\/media\/6085"}],"wp:attachment":[{"href":"https:\/\/voranews.al\/index.php?rest_route=%2Fwp%2Fv2%2Fmedia&parent=6084"}],"wp:term":[{"taxonomy":"category","embeddable":true,"href":"https:\/\/voranews.al\/index.php?rest_route=%2Fwp%2Fv2%2Fcategories&post=6084"},{"taxonomy":"post_tag","embeddable":true,"href":"https:\/\/voranews.al\/index.php?rest_route=%2Fwp%2Fv2%2Ftags&post=6084"}],"curies":[{"name":"wp","href":"https:\/\/api.w.org\/{rel}","templated":true}]}}