{"id":6087,"date":"2021-03-05T20:58:03","date_gmt":"2021-03-05T19:58:03","guid":{"rendered":"https:\/\/voranews.al\/?p=6087"},"modified":"2021-03-05T20:58:08","modified_gmt":"2021-03-05T19:58:08","slug":"lediana-largohet-nga-studio-me-lot-ne-sy-ja-cfare-ndodhi-ne-top-channel","status":"publish","type":"post","link":"https:\/\/voranews.al\/?p=6087","title":{"rendered":"Lediana largohet nga studio me lot n\u00eb sy, ja \u00e7far\u00eb ndodhi n\u00eb Top Channel"},"content":{"rendered":"\n<p>P\u00ebr\u2019Puthen dit\u00ebn e sotme nisi me nj\u00eb shum\u00ebllojshm\u00ebri ndjenjash veprimesh nga treshja e famshme Antonela-Mevlan-Lediana.<\/p>\n\n\n\n<p>N\u00eb fillim Lediana u shpreh se ishte penduar q\u00eb kishte q\u00ebndruar aq e ftoht\u00eb me Mevlanin dhe shkoi i dhuroi nj\u00eb puthje n\u00eb mes t\u00eb studios. M\u00eb pas Mevlani i dhuron nj\u00eb tuf\u00eb me lule Antonel\u00ebs duke shkaktuar nj\u00eb m\u00ebrzitje shum\u00eb t\u00eb madhe p\u00ebr vajz\u00ebn tjet\u00ebr.<\/p>\n\n\n\n<p>Lediana tha se ndihej shum\u00eb e tep\u00ebrt n\u00eb studio dhe vendos q\u00eb t\u00eb largohet.<\/p>\n","protected":false},"excerpt":{"rendered":"<p>P\u00ebr\u2019Puthen dit\u00ebn e sotme nisi me nj\u00eb shum\u00ebllojshm\u00ebri ndjenjash veprimesh nga treshja e famshme Antonela-Mevlan-Lediana. N\u00eb fillim Lediana u shpreh se ishte penduar q\u00eb kishte q\u00ebndruar aq e ftoht\u00eb me Mevlanin dhe shkoi i dhuroi nj\u00eb puthje n\u00eb mes t\u00eb studios. M\u00eb pas Mevlani i dhuron nj\u00eb tuf\u00eb me lule Antonel\u00ebs duke shkaktuar nj\u00eb m\u00ebrzitje &hellip;<\/p>\n","protected":false},"author":1,"featured_media":6088,"comment_status":"closed","ping_status":"closed","sticky":true,"template":"","format":"standard","meta":{"_jetpack_memberships_contains_paid_content":false,"footnotes":""},"categories":[36],"tags":[],"jetpack_sharing_enabled":true,"jetpack_featured_media_url":"https:\/\/voranews.al\/wp-content\/uploads\/2021\/03\/356CE3C3-748C-4F06-9557-F2253FDDEE8D.jpeg","_links":{"self":[{"href":"https:\/\/voranews.al\/index.php?rest_route=\/wp\/v2\/posts\/6087"}],"collection":[{"href":"https:\/\/voranews.al\/index.php?rest_route=\/wp\/v2\/posts"}],"about":[{"href":"https:\/\/voranews.al\/index.php?rest_route=\/wp\/v2\/types\/post"}],"author":[{"embeddable":true,"href":"https:\/\/voranews.al\/index.php?rest_route=\/wp\/v2\/users\/1"}],"replies":[{"embeddable":true,"href":"https:\/\/voranews.al\/index.php?rest_route=%2Fwp%2Fv2%2Fcomments&post=6087"}],"version-history":[{"count":1,"href":"https:\/\/voranews.al\/index.php?rest_route=\/wp\/v2\/posts\/6087\/revisions"}],"predecessor-version":[{"id":6089,"href":"https:\/\/voranews.al\/index.php?rest_route=\/wp\/v2\/posts\/6087\/revisions\/6089"}],"wp:featuredmedia":[{"embeddable":true,"href":"https:\/\/voranews.al\/index.php?rest_route=\/wp\/v2\/media\/6088"}],"wp:attachment":[{"href":"https:\/\/voranews.al\/index.php?rest_route=%2Fwp%2Fv2%2Fmedia&parent=6087"}],"wp:term":[{"taxonomy":"category","embeddable":true,"href":"https:\/\/voranews.al\/index.php?rest_route=%2Fwp%2Fv2%2Fcategories&post=6087"},{"taxonomy":"post_tag","embeddable":true,"href":"https:\/\/voranews.al\/index.php?rest_route=%2Fwp%2Fv2%2Ftags&post=6087"}],"curies":[{"name":"wp","href":"https:\/\/api.w.org\/{rel}","templated":true}]}}