{"id":6093,"date":"2021-03-05T21:50:36","date_gmt":"2021-03-05T20:50:36","guid":{"rendered":"https:\/\/voranews.al\/?p=6093"},"modified":"2021-03-05T21:50:47","modified_gmt":"2021-03-05T20:50:47","slug":"kush-jane-dy-shqiptaret-e-ekzekutuar-ne-mes-te-shkupit-te-rinjte-u-gjeten-te-vdekur-brenda-makines","status":"publish","type":"post","link":"https:\/\/voranews.al\/?p=6093","title":{"rendered":"Kush jan\u00eb dy shqiptar\u00ebt e ekzekutuar n\u00eb mes t\u00eb Shkupit, t\u00eb rinjt\u00eb u gjet\u00ebn t\u00eb vdekur brenda makin\u00ebs"},"content":{"rendered":"\n<p><strong>MAQEDONI E VERIUT<\/strong>\u2013 Afrim Berisha 28 vje\u00e7 dhe Burim Vardari 24 vje\u00e7, jan\u00eb<strong><a href=\"https:\/\/albanews.al\/atentat-ne-shkup-ezkekutohen-dy-shqiptare-ne-mesnate-brenda-nje-makine\/\">\u00a0<\/a><\/strong>dy Shqiptar\u00ebt e ekzekutuar gjat\u00eb or\u00ebve t\u00eb para t\u00eb m\u00ebngjesit n\u00eb Shkup. T\u00eb rinjt\u00eb q\u00eb shikoni n\u00eb foto ishin brenda nj\u00eb makine t\u00eb parkuar t\u00eb llojit \u201cCitroen\u201d n\u00eb momentin q\u00eb u q\u00eblluan nga nj\u00eb mjet tjet\u00ebr me dy arm\u00eb t\u00eb ndryshme.<\/p>\n\n\n\n<figure class=\"wp-block-gallery columns-2 is-cropped wp-block-gallery-1 is-layout-flex wp-block-gallery-is-layout-flex\"><ul class=\"blocks-gallery-grid\"><li class=\"blocks-gallery-item\"><figure><img loading=\"lazy\" decoding=\"async\" width=\"263\" height=\"500\" src=\"https:\/\/voranews.al\/wp-content\/uploads\/2021\/03\/0A9C90A2-CB0C-452E-AEBB-DFCF6AEA789E-263x500.jpeg\" alt=\"\" data-id=\"6094\" data-link=\"https:\/\/voranews.al\/?attachment_id=6094\" class=\"wp-image-6094\" srcset=\"https:\/\/voranews.al\/wp-content\/uploads\/2021\/03\/0A9C90A2-CB0C-452E-AEBB-DFCF6AEA789E-263x500.jpeg 263w, https:\/\/voranews.al\/wp-content\/uploads\/2021\/03\/0A9C90A2-CB0C-452E-AEBB-DFCF6AEA789E-158x300.jpeg 158w, https:\/\/voranews.al\/wp-content\/uploads\/2021\/03\/0A9C90A2-CB0C-452E-AEBB-DFCF6AEA789E.jpeg 504w\" sizes=\"(max-width: 263px) 100vw, 263px\" \/><\/figure><\/li><li class=\"blocks-gallery-item\"><figure><img loading=\"lazy\" decoding=\"async\" width=\"323\" height=\"500\" src=\"https:\/\/voranews.al\/wp-content\/uploads\/2021\/03\/99E92DFC-6429-4692-99E9-26C1A0DB58EF-323x500.jpeg\" alt=\"\" data-id=\"6095\" data-full-url=\"https:\/\/voranews.al\/wp-content\/uploads\/2021\/03\/99E92DFC-6429-4692-99E9-26C1A0DB58EF.jpeg\" data-link=\"https:\/\/voranews.al\/?attachment_id=6095\" class=\"wp-image-6095\" srcset=\"https:\/\/voranews.al\/wp-content\/uploads\/2021\/03\/99E92DFC-6429-4692-99E9-26C1A0DB58EF-323x500.jpeg 323w, https:\/\/voranews.al\/wp-content\/uploads\/2021\/03\/99E92DFC-6429-4692-99E9-26C1A0DB58EF-194x300.jpeg 194w, https:\/\/voranews.al\/wp-content\/uploads\/2021\/03\/99E92DFC-6429-4692-99E9-26C1A0DB58EF.jpeg 620w\" sizes=\"(max-width: 323px) 100vw, 323px\" \/><\/figure><\/li><\/ul><\/figure>\n\n\n\n<p>Plag\u00ebt e marra b\u00ebn\u00eb q\u00eb Berisha dhe Vardari t\u00eb nd\u00ebrronin jet\u00eb n\u00eb vend. Dyshohet se edhe autor\u00ebt e krimit, nj\u00ebsoj si viktimat jan\u00eb shqiptar\u00eb, por ende jan\u00eb t\u00eb paidentifikuar.<\/p>\n\n\n\n<p>N\u00eb vendngjarje nuk ka pasur d\u00ebshmitar\u00eb p\u00ebr shkak t\u00eb or\u00ebs s\u00eb von\u00eb kur ka ndodhur krimi, por po merrne n\u00eb pyetje familjar\u00ebt dhe miqt\u00eb e viktimave p\u00ebr t\u00eb zbardhur ndonj\u00eb konflikt q\u00eb dy t\u00eb rinjt\u00eb mund t\u00eb ken\u00eb pasur m\u00eb her\u00ebt.<\/p>\n","protected":false},"excerpt":{"rendered":"<p>MAQEDONI E VERIUT\u2013 Afrim Berisha 28 vje\u00e7 dhe Burim Vardari 24 vje\u00e7, jan\u00eb\u00a0dy Shqiptar\u00ebt e ekzekutuar gjat\u00eb or\u00ebve t\u00eb para t\u00eb m\u00ebngjesit n\u00eb Shkup. T\u00eb rinjt\u00eb q\u00eb shikoni n\u00eb foto ishin brenda nj\u00eb makine t\u00eb parkuar t\u00eb llojit \u201cCitroen\u201d n\u00eb momentin q\u00eb u q\u00eblluan nga nj\u00eb mjet tjet\u00ebr me dy arm\u00eb t\u00eb ndryshme. Plag\u00ebt e &hellip;<\/p>\n","protected":false},"author":1,"featured_media":6096,"comment_status":"closed","ping_status":"closed","sticky":true,"template":"","format":"standard","meta":{"_jetpack_memberships_contains_paid_content":false,"footnotes":""},"categories":[38],"tags":[],"jetpack_sharing_enabled":true,"jetpack_featured_media_url":"https:\/\/voranews.al\/wp-content\/uploads\/2021\/03\/B834AA3C-CC75-47F2-BEC0-B8FF4EC0AE5D.jpeg","_links":{"self":[{"href":"https:\/\/voranews.al\/index.php?rest_route=\/wp\/v2\/posts\/6093"}],"collection":[{"href":"https:\/\/voranews.al\/index.php?rest_route=\/wp\/v2\/posts"}],"about":[{"href":"https:\/\/voranews.al\/index.php?rest_route=\/wp\/v2\/types\/post"}],"author":[{"embeddable":true,"href":"https:\/\/voranews.al\/index.php?rest_route=\/wp\/v2\/users\/1"}],"replies":[{"embeddable":true,"href":"https:\/\/voranews.al\/index.php?rest_route=%2Fwp%2Fv2%2Fcomments&post=6093"}],"version-history":[{"count":1,"href":"https:\/\/voranews.al\/index.php?rest_route=\/wp\/v2\/posts\/6093\/revisions"}],"predecessor-version":[{"id":6097,"href":"https:\/\/voranews.al\/index.php?rest_route=\/wp\/v2\/posts\/6093\/revisions\/6097"}],"wp:featuredmedia":[{"embeddable":true,"href":"https:\/\/voranews.al\/index.php?rest_route=\/wp\/v2\/media\/6096"}],"wp:attachment":[{"href":"https:\/\/voranews.al\/index.php?rest_route=%2Fwp%2Fv2%2Fmedia&parent=6093"}],"wp:term":[{"taxonomy":"category","embeddable":true,"href":"https:\/\/voranews.al\/index.php?rest_route=%2Fwp%2Fv2%2Fcategories&post=6093"},{"taxonomy":"post_tag","embeddable":true,"href":"https:\/\/voranews.al\/index.php?rest_route=%2Fwp%2Fv2%2Ftags&post=6093"}],"curies":[{"name":"wp","href":"https:\/\/api.w.org\/{rel}","templated":true}]}}