{"id":6142,"date":"2021-03-06T18:54:22","date_gmt":"2021-03-06T17:54:22","guid":{"rendered":"https:\/\/voranews.al\/?p=6142"},"modified":"2021-03-06T18:54:30","modified_gmt":"2021-03-06T17:54:30","slug":"si-rrallehere-majlinda-bregu-ndan-foton-e-embel-me-bashkeshortin-madje-ben-edhe-nje-koment-epik","status":"publish","type":"post","link":"https:\/\/voranews.al\/?p=6142","title":{"rendered":"Si rrall\u00ebher\u00eb Majlinda Bregu ndan foton e \u00ebmb\u00ebl me bashk\u00ebshortin, madje b\u00ebn edhe nj\u00eb koment epik"},"content":{"rendered":"\n<p>Politikania Majlinda Bregu \u00ebsht\u00eb shum\u00eb aktive n\u00eb rrjetet sociale, por kur b\u00ebhet fjal\u00eb p\u00ebr jet\u00ebn private tregohet m\u00eb e rezervuar.<\/p>\n\n\n\n<p>Mir\u00ebpo s\u00eb fundmi, ajo ka ndar\u00eb nj\u00eb foto nga fundjava e saj n\u00eb qytetin bregdetar t\u00eb Vlor\u00ebs. Bregu duket mjaft e qeshur dhe m\u00eb n\u00eb form\u00eb se kurr\u00eb.<\/p>\n\n\n\n<p>Ajo shfaqet pran\u00eb bashk\u00ebshortit dhe pavar\u00ebsisht se vitet ikin, \u00e7ifti ka t\u00eb nj\u00ebjt\u00ebn hijeshi si n\u00eb rinin\u00eb e tyre.<\/p>\n\n\n\n<p>\u201cE kap\u00ebm nj\u00eb peshk\u00eb n\u00eb Vlor\u00eb\u201d, ka shkruar Majlinda Bregu n\u00eb postim.<\/p>\n\n\n\n<figure class=\"wp-block-image\"><a href=\"data:image\/gif;base64,R0lGODlhAQABAAAAACH5BAEKAAEALAAAAAABAAEAAAICTAEAOw==\"><img decoding=\"async\" src=\"https:\/\/tirananews.al\/wp-content\/uploads\/2021\/03\/Majlinda-Bregu.png\" alt=\"\" class=\"wp-image-349058\"\/><\/a><\/figure>\n","protected":false},"excerpt":{"rendered":"<p>Politikania Majlinda Bregu \u00ebsht\u00eb shum\u00eb aktive n\u00eb rrjetet sociale, por kur b\u00ebhet fjal\u00eb p\u00ebr jet\u00ebn private tregohet m\u00eb e rezervuar. Mir\u00ebpo s\u00eb fundmi, ajo ka ndar\u00eb nj\u00eb foto nga fundjava e saj n\u00eb qytetin bregdetar t\u00eb Vlor\u00ebs. Bregu duket mjaft e qeshur dhe m\u00eb n\u00eb form\u00eb se kurr\u00eb. Ajo shfaqet pran\u00eb bashk\u00ebshortit dhe pavar\u00ebsisht se &hellip;<\/p>\n","protected":false},"author":1,"featured_media":6144,"comment_status":"closed","ping_status":"closed","sticky":true,"template":"","format":"standard","meta":{"_jetpack_memberships_contains_paid_content":false,"footnotes":""},"categories":[20],"tags":[],"jetpack_sharing_enabled":true,"jetpack_featured_media_url":"https:\/\/voranews.al\/wp-content\/uploads\/2021\/03\/61AC2E85-FED6-4642-9D82-F87136B6632C.jpeg","_links":{"self":[{"href":"https:\/\/voranews.al\/index.php?rest_route=\/wp\/v2\/posts\/6142"}],"collection":[{"href":"https:\/\/voranews.al\/index.php?rest_route=\/wp\/v2\/posts"}],"about":[{"href":"https:\/\/voranews.al\/index.php?rest_route=\/wp\/v2\/types\/post"}],"author":[{"embeddable":true,"href":"https:\/\/voranews.al\/index.php?rest_route=\/wp\/v2\/users\/1"}],"replies":[{"embeddable":true,"href":"https:\/\/voranews.al\/index.php?rest_route=%2Fwp%2Fv2%2Fcomments&post=6142"}],"version-history":[{"count":1,"href":"https:\/\/voranews.al\/index.php?rest_route=\/wp\/v2\/posts\/6142\/revisions"}],"predecessor-version":[{"id":6145,"href":"https:\/\/voranews.al\/index.php?rest_route=\/wp\/v2\/posts\/6142\/revisions\/6145"}],"wp:featuredmedia":[{"embeddable":true,"href":"https:\/\/voranews.al\/index.php?rest_route=\/wp\/v2\/media\/6144"}],"wp:attachment":[{"href":"https:\/\/voranews.al\/index.php?rest_route=%2Fwp%2Fv2%2Fmedia&parent=6142"}],"wp:term":[{"taxonomy":"category","embeddable":true,"href":"https:\/\/voranews.al\/index.php?rest_route=%2Fwp%2Fv2%2Fcategories&post=6142"},{"taxonomy":"post_tag","embeddable":true,"href":"https:\/\/voranews.al\/index.php?rest_route=%2Fwp%2Fv2%2Ftags&post=6142"}],"curies":[{"name":"wp","href":"https:\/\/api.w.org\/{rel}","templated":true}]}}