{"id":6279,"date":"2021-03-10T07:42:45","date_gmt":"2021-03-10T06:42:45","guid":{"rendered":"https:\/\/voranews.al\/?p=6279"},"modified":"2021-03-10T07:42:50","modified_gmt":"2021-03-10T06:42:50","slug":"la-infektivin-per-politiken-pas-36-vitesh-najada-como-tregon-arsyen-askush-me-mire-se-une","status":"publish","type":"post","link":"https:\/\/voranews.al\/?p=6279","title":{"rendered":"La Infektivin p\u00ebr politik\u00ebn pas 36 vitesh\/ Najada \u00c7omo tregon arsyen: Askush m\u00eb mir\u00eb se un\u00eb\u2026."},"content":{"rendered":"\n<p>Najada \u00c7omo, ka treguar arsyen pse vendosi t\u00eb l\u00ebr\u00eb spitalin Infektiv p\u00ebr t\u2019iu futur politik\u00ebs pas 36 vitesh pun\u00eb n\u00eb k\u00ebt\u00eb spital.\u00a0<\/p>\n\n\n\n<p>\u00c7omo \u00ebsht\u00eb e mendimit se askush m\u00eb shum\u00eb se ajo nuk mund ta reflektoj\u00eb pun\u00ebn e madhe t\u00eb b\u00ebr\u00eb n\u00eb spitalet COVID.<\/p>\n\n\n\n<p><em>Pasi mbarova fakultetin e mjek\u00ebsis\u00eb n\u00eb Universitetin e Tiran\u00ebs n\u00eb vitin 1985 kam filluar pun\u00eb n\u00eb spitalin Infektiv dhe q\u00eb nga ai vit nuk jam ndar\u00eb m\u00eb prej atij sh\u00ebrbimi. Ka qen\u00eb nj\u00eb pun\u00eb me p\u00ebrkushtim, me studim, me instruktim dhe natyrisht dinjitet profesional p\u00ebr t\u2019i sh\u00ebrbyer pik\u00ebrisht pacient\u00ebve n\u00eb k\u00ebto spitale.<\/em><\/p>\n\n\n\n<p><em>Un\u00eb e pranova ftes\u00ebn sepse kush m\u00eb mir\u00eb se mua mund ta reflektoj\u00eb pun\u00ebn e madhe t\u00eb b\u00ebr\u00eb n\u00eb spitalet COVID, besoj dhe uroj t\u00eb vlefsh\u00ebm pik\u00ebrisht p\u00ebr mbar\u00ebvajtjen e sh\u00ebndetit t\u00eb popullat\u00ebs dhe sigurisht p\u00ebr ta b\u00ebr\u00eb m\u00eb t\u00eb mir\u00eb k\u00ebt\u00eb pjes\u00eb t\u00eb politik\u00ebs q\u00eb jemi sot.<\/em><\/p>\n\n\n\n<p><em>Nj\u00eb nga motivet e forta p\u00ebr t\u00eb vazhduar pun\u00ebn n\u00eb m\u00ebnyr\u00eb korrekte ka qen\u00eb dhe suporti maksimal i kryeministrit t\u00eb vendit zotit Rama n\u00eb mbar\u00ebvajtjen e k\u00ebsaj pandemie. Ajo q\u00eb na nevojitet m\u00eb shum\u00eb nga t\u00eb gjitha \u00ebsht\u00eb q\u00eb ne duhet t\u00eb besojm\u00eb shum\u00eb shum\u00eb shum\u00eb<\/em>\u201d, shprehet ajo.<\/p>\n","protected":false},"excerpt":{"rendered":"<p>Najada \u00c7omo, ka treguar arsyen pse vendosi t\u00eb l\u00ebr\u00eb spitalin Infektiv p\u00ebr t\u2019iu futur politik\u00ebs pas 36 vitesh pun\u00eb n\u00eb k\u00ebt\u00eb spital.\u00a0 \u00c7omo \u00ebsht\u00eb e mendimit se askush m\u00eb shum\u00eb se ajo nuk mund ta reflektoj\u00eb pun\u00ebn e madhe t\u00eb b\u00ebr\u00eb n\u00eb spitalet COVID. Pasi mbarova fakultetin e mjek\u00ebsis\u00eb n\u00eb Universitetin e Tiran\u00ebs n\u00eb vitin &hellip;<\/p>\n","protected":false},"author":1,"featured_media":6280,"comment_status":"closed","ping_status":"closed","sticky":true,"template":"","format":"standard","meta":{"_jetpack_memberships_contains_paid_content":false,"footnotes":""},"categories":[20],"tags":[],"jetpack_sharing_enabled":true,"jetpack_featured_media_url":"https:\/\/voranews.al\/wp-content\/uploads\/2021\/03\/D9E19453-9216-4628-86EE-8978C8DE5CB7.png","_links":{"self":[{"href":"https:\/\/voranews.al\/index.php?rest_route=\/wp\/v2\/posts\/6279"}],"collection":[{"href":"https:\/\/voranews.al\/index.php?rest_route=\/wp\/v2\/posts"}],"about":[{"href":"https:\/\/voranews.al\/index.php?rest_route=\/wp\/v2\/types\/post"}],"author":[{"embeddable":true,"href":"https:\/\/voranews.al\/index.php?rest_route=\/wp\/v2\/users\/1"}],"replies":[{"embeddable":true,"href":"https:\/\/voranews.al\/index.php?rest_route=%2Fwp%2Fv2%2Fcomments&post=6279"}],"version-history":[{"count":1,"href":"https:\/\/voranews.al\/index.php?rest_route=\/wp\/v2\/posts\/6279\/revisions"}],"predecessor-version":[{"id":6281,"href":"https:\/\/voranews.al\/index.php?rest_route=\/wp\/v2\/posts\/6279\/revisions\/6281"}],"wp:featuredmedia":[{"embeddable":true,"href":"https:\/\/voranews.al\/index.php?rest_route=\/wp\/v2\/media\/6280"}],"wp:attachment":[{"href":"https:\/\/voranews.al\/index.php?rest_route=%2Fwp%2Fv2%2Fmedia&parent=6279"}],"wp:term":[{"taxonomy":"category","embeddable":true,"href":"https:\/\/voranews.al\/index.php?rest_route=%2Fwp%2Fv2%2Fcategories&post=6279"},{"taxonomy":"post_tag","embeddable":true,"href":"https:\/\/voranews.al\/index.php?rest_route=%2Fwp%2Fv2%2Ftags&post=6279"}],"curies":[{"name":"wp","href":"https:\/\/api.w.org\/{rel}","templated":true}]}}