{"id":6311,"date":"2021-03-10T16:59:11","date_gmt":"2021-03-10T15:59:11","guid":{"rendered":"https:\/\/voranews.al\/?p=6311"},"modified":"2021-03-10T16:59:16","modified_gmt":"2021-03-10T15:59:16","slug":"meta-i-pergjigjet-sulmit-te-rames-une-spi-kokaine-te-pakten-kemi-te-bejme-me-nje-person-me-probleme-te-medha-mendore","status":"publish","type":"post","link":"https:\/\/voranews.al\/?p=6311","title":{"rendered":"Meta i p\u00ebrgjigjet sulmit t\u00eb Ram\u00ebs: Une s\u2019pi kokain\u00eb t\u00eb pakt\u00ebn. Kemi t\u00eb b\u00ebjm\u00eb me nj\u00eb person me probleme t\u00eb m\u00ebdha mendore"},"content":{"rendered":"\n<p>Presidenti Ilir Meta ka sulmuar kryeministrin Edi Rama, gjat\u00eb nj\u00eb bashk\u00ebbisedimi me gazetar\u00ebt n\u00eb qytetin e Fierit. Duke nisur nga fotoja me t\u00eb cil\u00ebn numri nj\u00eb i qeveris\u00eb e ironizoi teksa prezantonte emrat e kandidat\u00ebve t\u00eb tij n\u00eb zgjedhje, Meta iu p\u00ebrgjigj duke u shprehur se ishte i lumtur q\u00eb nuk konsumonte l\u00ebnd\u00eb narkotike.<\/p>\n\n\n\n<p>M\u00eb pas, teksa u p\u00ebrgjigjej pyetjeve t\u00eb gazetar\u00ebve lidhur me sulmet q\u00eb kishte marr\u00eb nga i pari i qeveris\u00eb, kreu i shtetit sugjeroi se Rama kishte probleme mendore dhe se duhet t\u2019i n\u00ebnshtrohej nj\u00eb kontrolli sh\u00ebndet\u00ebsor. Meta pati edhe nj\u00eb sulm&nbsp;p\u00ebr nd\u00ebrkomb\u00ebtar\u00ebt, t\u00eb cil\u00ebve sipas tij populli shqiptar do t\u2019u jap\u00eb nj\u00eb leksion p\u00ebr faktin q\u00eb i konsiderojn\u00eb nj\u00eb popull sorrash.<\/p>\n\n\n\n<p>M\u00eb pas nd\u00ebr t\u00eb tjera, Meta shtoi se dosjet e Shijakut dhe t\u00eb Dibr\u00ebs kan\u00eb mbajtur peng integrimin evropian, duke k\u00ebrkuar edhe nj\u00ebher\u00eb nga qytetar\u00ebt q\u00eb t\u00eb marrin pjes\u00eb masivisht n\u00eb zgjedhje p\u00ebr t\u00eb vendosur p\u00ebr fatin e tyre.<\/p>\n\n\n\n<p>Nga ekrani, presidenti u ka k\u00ebrkuar shqiptar\u00ebve q\u00eb t\u00eb shikojn\u00eb me kujdes t\u00eb gjith\u00eb emrat e kandidat\u00ebve tradicional\u00eb dhe t\u00eb rinj q\u00eb jan\u00eb futur n\u00eb gar\u00eb, p\u00ebr t\u00eb vendosur p\u00ebr<\/p>\n\n\n\n<p>PJES\u00cb NGA BISEDA:<\/p>\n\n\n\n<p>Pyetje: Keni pretenduar se jeni mbrojt\u00ebs i Kushtetu\u00ebs?<\/p>\n\n\n\n<p>Meta: Nuk kam pretenduar. Kam qen\u00eb, jam dhe do t\u00eb jem.<\/p>\n\n\n\n<p>Meta: Nuk kam asnj\u00eb peng sepse \u00e7do vendim e kam marr\u00eb me bindjen se i kam sh\u00ebrbyer Shqip\u00ebris\u00eb. E kam ndar\u00eb fatin tim me Shqip\u00ebrin\u00eb.<\/p>\n\n\n\n<p>Pyetje: Sulmet e Ram\u00ebs<\/p>\n\n\n\n<p>\u201c<em>\u00c7\u2019mund t\u00eb presim ne nga nj\u00eb njeri q\u00eb thot\u00eb \u201ck\u00ebtu m\u00eb keni deri m\u00eb 2030\u201d?! E qart\u00eb q\u00eb kemi t\u00eb b\u00ebjm\u00eb me nj\u00eb person me probleme t\u00eb m\u00ebdha mendore. Ka probleme t\u00eb m\u00ebdha dhe nevoj\u00eb p\u00ebr kontrolle sh\u00ebndet\u00ebsore.<\/em><\/p>\n\n\n\n<p><em>Edhe sikur t\u00eb isha duke pir\u00eb raki, nuk do isha i shqet\u00ebsuar. Se un\u00eb kokain\u00ebn nuk e pi dhe do jem nj\u00eb luft\u00ebtar i pashembullt kund\u00ebr cdo politikani q\u00eb p\u00ebrdor substanca narkotike dhe q\u00eb jo vet\u00ebm kaq, por del garant para mafias nd\u00ebrkomb\u00ebtare p\u00ebr t\u00eb pastruar parat\u00eb e drog\u00ebs n\u00eb Shqip\u00ebri.\u201d<\/em>&nbsp;u shpreh presidenti, nd\u00ebrkoh\u00eb q\u00eb shtoi se p\u00ebrve\u00e7 se e konsumon, Rama i ka hapur rrug\u00eb pastrimit t\u00eb parave t\u00eb drog\u00ebs.<\/p>\n","protected":false},"excerpt":{"rendered":"<p>Presidenti Ilir Meta ka sulmuar kryeministrin Edi Rama, gjat\u00eb nj\u00eb bashk\u00ebbisedimi me gazetar\u00ebt n\u00eb qytetin e Fierit. Duke nisur nga fotoja me t\u00eb cil\u00ebn numri nj\u00eb i qeveris\u00eb e ironizoi teksa prezantonte emrat e kandidat\u00ebve t\u00eb tij n\u00eb zgjedhje, Meta iu p\u00ebrgjigj duke u shprehur se ishte i lumtur q\u00eb nuk konsumonte l\u00ebnd\u00eb narkotike. M\u00eb &hellip;<\/p>\n","protected":false},"author":1,"featured_media":6312,"comment_status":"closed","ping_status":"closed","sticky":true,"template":"","format":"standard","meta":{"_jetpack_memberships_contains_paid_content":false,"footnotes":""},"categories":[20],"tags":[],"jetpack_sharing_enabled":true,"jetpack_featured_media_url":"https:\/\/voranews.al\/wp-content\/uploads\/2021\/03\/236F85C5-0FE2-4A18-A8C7-0741A106E456.jpeg","_links":{"self":[{"href":"https:\/\/voranews.al\/index.php?rest_route=\/wp\/v2\/posts\/6311"}],"collection":[{"href":"https:\/\/voranews.al\/index.php?rest_route=\/wp\/v2\/posts"}],"about":[{"href":"https:\/\/voranews.al\/index.php?rest_route=\/wp\/v2\/types\/post"}],"author":[{"embeddable":true,"href":"https:\/\/voranews.al\/index.php?rest_route=\/wp\/v2\/users\/1"}],"replies":[{"embeddable":true,"href":"https:\/\/voranews.al\/index.php?rest_route=%2Fwp%2Fv2%2Fcomments&post=6311"}],"version-history":[{"count":1,"href":"https:\/\/voranews.al\/index.php?rest_route=\/wp\/v2\/posts\/6311\/revisions"}],"predecessor-version":[{"id":6313,"href":"https:\/\/voranews.al\/index.php?rest_route=\/wp\/v2\/posts\/6311\/revisions\/6313"}],"wp:featuredmedia":[{"embeddable":true,"href":"https:\/\/voranews.al\/index.php?rest_route=\/wp\/v2\/media\/6312"}],"wp:attachment":[{"href":"https:\/\/voranews.al\/index.php?rest_route=%2Fwp%2Fv2%2Fmedia&parent=6311"}],"wp:term":[{"taxonomy":"category","embeddable":true,"href":"https:\/\/voranews.al\/index.php?rest_route=%2Fwp%2Fv2%2Fcategories&post=6311"},{"taxonomy":"post_tag","embeddable":true,"href":"https:\/\/voranews.al\/index.php?rest_route=%2Fwp%2Fv2%2Ftags&post=6311"}],"curies":[{"name":"wp","href":"https:\/\/api.w.org\/{rel}","templated":true}]}}