{"id":6435,"date":"2021-03-14T06:27:55","date_gmt":"2021-03-14T05:27:55","guid":{"rendered":"https:\/\/voranews.al\/?p=6435"},"modified":"2021-03-14T06:28:00","modified_gmt":"2021-03-14T05:28:00","slug":"hapat-qe-duhet-te-ndiqni-per-te-patur-nje-profil-te-suksesshem-ne-instagram","status":"publish","type":"post","link":"https:\/\/voranews.al\/?p=6435","title":{"rendered":"Hapat q\u00eb duhet t\u00eb ndiqni p\u00ebr t\u00eb patur nj\u00eb profil t\u00eb suksessh\u00ebm n\u00eb Instagram"},"content":{"rendered":"\n<p>T\u00eb jesh blogere sot \u00ebsht\u00eb pun\u00eb me koh\u00eb t\u00eb plot\u00eb, por n\u00eb t\u00eb nj\u00ebjt\u00ebn koh\u00eb duhet ta b\u00ebsh me shum\u00eb dashuri dhe t\u00eb mos e shoh\u00ebsh si \u201cdetyrim\u201d. N\u00ebse po k\u00ebrkoni t\u00eb krijoni nj\u00eb llogari Instagrami q\u00eb do t\u2019ju b\u00ebnte t\u00eb famsh\u00ebm dhe pse jo bloger\u00eb n\u00eb nj\u00eb moment t\u00eb dyt\u00eb, niseni nga profili juaj.<\/p>\n\n\n\n<p>Kujtojini vetes se ai duhet t\u00eb jet\u00eb marka juaj personale dhe si e till\u00eb ka nevoj\u00eb p\u00ebr identitet dhe stil t\u00eb ve\u00e7ant\u00eb! Kjo \u00ebsht\u00eb di\u00e7ka q\u00eb e keni ose jo, nd\u00ebrsa k\u00ebshillat p\u00ebr t\u00eb shtuar ndjek\u00ebsit mund t\u2019i merrni m\u00eb posht\u00eb, por mos harroni: P\u00ebrmbajuni dhe p\u00ebrshtatini me stilin tuaj!<\/p>\n\n\n\n<p><strong>Lule, lule, lule!<\/strong><\/p>\n\n\n\n<p>Pavar\u00ebsisht si jan\u00eb kompozuar, ato do duken gjithmon\u00eb bukur. K\u00ebshilla jon\u00eb \u00ebsht\u00eb q\u00eb t\u2019i shkrepni nga sip\u00ebr n\u00eb nj\u00eb sfond t\u00eb bardh\u00eb, n\u00eb m\u00ebnyr\u00eb q\u00eb t\u00eb dal\u00eb n\u00eb pah ngjyrat e shum\u00ebllojshme.<\/p>\n\n\n\n<p><strong>Ji vetvetja!<\/strong><\/p>\n\n\n\n<p><strong>Kujdes me drit\u00ebn. Fotot duhet t\u00eb ken\u00eb bardh\u00ebsi!<\/strong><\/p>\n\n\n\n<p><strong>Fotografit\u00eb e prapaskenave ruajini p\u00ebr t\u2019i postuar n\u00eb Instastory<\/strong><\/p>\n\n\n\n<p><strong>B\u00ebni pyetje!<\/strong><\/p>\n\n\n\n<p><strong>P\u00ebrdorni filtra t\u00eb thjesht\u00eb<\/strong><\/p>\n","protected":false},"excerpt":{"rendered":"<p>T\u00eb jesh blogere sot \u00ebsht\u00eb pun\u00eb me koh\u00eb t\u00eb plot\u00eb, por n\u00eb t\u00eb nj\u00ebjt\u00ebn koh\u00eb duhet ta b\u00ebsh me shum\u00eb dashuri dhe t\u00eb mos e shoh\u00ebsh si \u201cdetyrim\u201d. N\u00ebse po k\u00ebrkoni t\u00eb krijoni nj\u00eb llogari Instagrami q\u00eb do t\u2019ju b\u00ebnte t\u00eb famsh\u00ebm dhe pse jo bloger\u00eb n\u00eb nj\u00eb moment t\u00eb dyt\u00eb, niseni nga profili juaj. &hellip;<\/p>\n","protected":false},"author":1,"featured_media":6436,"comment_status":"closed","ping_status":"closed","sticky":true,"template":"","format":"standard","meta":{"_jetpack_memberships_contains_paid_content":false,"footnotes":""},"categories":[4],"tags":[],"jetpack_sharing_enabled":true,"jetpack_featured_media_url":"https:\/\/voranews.al\/wp-content\/uploads\/2021\/03\/02DB81F5-BF60-4805-B18E-9394DF6CA006.png","_links":{"self":[{"href":"https:\/\/voranews.al\/index.php?rest_route=\/wp\/v2\/posts\/6435"}],"collection":[{"href":"https:\/\/voranews.al\/index.php?rest_route=\/wp\/v2\/posts"}],"about":[{"href":"https:\/\/voranews.al\/index.php?rest_route=\/wp\/v2\/types\/post"}],"author":[{"embeddable":true,"href":"https:\/\/voranews.al\/index.php?rest_route=\/wp\/v2\/users\/1"}],"replies":[{"embeddable":true,"href":"https:\/\/voranews.al\/index.php?rest_route=%2Fwp%2Fv2%2Fcomments&post=6435"}],"version-history":[{"count":1,"href":"https:\/\/voranews.al\/index.php?rest_route=\/wp\/v2\/posts\/6435\/revisions"}],"predecessor-version":[{"id":6437,"href":"https:\/\/voranews.al\/index.php?rest_route=\/wp\/v2\/posts\/6435\/revisions\/6437"}],"wp:featuredmedia":[{"embeddable":true,"href":"https:\/\/voranews.al\/index.php?rest_route=\/wp\/v2\/media\/6436"}],"wp:attachment":[{"href":"https:\/\/voranews.al\/index.php?rest_route=%2Fwp%2Fv2%2Fmedia&parent=6435"}],"wp:term":[{"taxonomy":"category","embeddable":true,"href":"https:\/\/voranews.al\/index.php?rest_route=%2Fwp%2Fv2%2Fcategories&post=6435"},{"taxonomy":"post_tag","embeddable":true,"href":"https:\/\/voranews.al\/index.php?rest_route=%2Fwp%2Fv2%2Ftags&post=6435"}],"curies":[{"name":"wp","href":"https:\/\/api.w.org\/{rel}","templated":true}]}}