{"id":6472,"date":"2021-03-14T16:15:44","date_gmt":"2021-03-14T15:15:44","guid":{"rendered":"https:\/\/voranews.al\/?p=6472"},"modified":"2021-03-14T16:15:48","modified_gmt":"2021-03-14T15:15:48","slug":"shtyhet-seanca-plenare-e-kuvendit-zhvillohet-diten-e-marte","status":"publish","type":"post","link":"https:\/\/voranews.al\/?p=6472","title":{"rendered":"Shtyhet seanca plenare e Kuvendit, zhvillohet dit\u00ebn e mart\u00eb"},"content":{"rendered":"\n<p>Seanca plenare e Kuvendit t\u00eb Shqip\u00ebris\u00eb nuk do t\u00eb zhvillohet dit\u00ebn e nes\u00ebrme ashtu si\u00e7 ishte parashikuar, por \u00ebsht\u00eb shtyr\u00eb p\u00ebr t\u00eb mart\u00ebn me dat\u00eb \u00a016.03.2021.<\/p>\n\n\n\n<p>Arsyeja e shtyrjes s\u00eb seanc\u00ebs plenare \u00ebsht\u00eb b\u00ebr\u00eb dita e ver\u00ebs, kjo pasi n\u00eb rastet kur festat zyrtare bie n\u00eb dit\u00ebt e pushimit javor t\u00eb shtun\u00ebn ose e diel\u00ebn, dita e h\u00ebn\u00eb \u00ebsht\u00eb dit\u00eb pushimi.<\/p>\n\n\n\n<p><em><strong>Njoftim p\u00ebr media:<\/strong><\/em><\/p>\n\n\n\n<p><em>T\u00eb nderuar koleg\u00eb, Ju njoftoj se seanca plenare e Kuvendit t\u00eb Shqip\u00ebris\u00eb do t\u00eb zhvillohet dit\u00ebn e mart\u00eb, dat\u00eb 16.03.2021, ora 10:00.&nbsp; (Urdh\u00ebr nr. 14, dat\u00eb 11.03.2021, i Kryetarit&nbsp;&nbsp; Kuvendit, z. Gramoz Ru\u00e7i.) Procedurat e transmetimit do t\u00eb jen\u00eb t\u00eb nj\u00ebjtat me ato t\u00eb seancave t\u00eb m\u00ebparshme: makinat do t\u00eb hyjn\u00eb dhe sinjalin do ta marrin nga RTSH.&nbsp; Ju lutem, kujdesuni q\u00eb t\u00eb jen\u00eb vet\u00ebm makinat q\u00eb jan\u00eb t\u00eb akreditura.&nbsp; Gazetar\u00ebt dhe kamerat nuk do t\u00eb hyjn\u00eb n\u00eb sall\u00eb, por do t\u00eb lejohen vet\u00ebm n\u00eb oborrin e Sall\u00ebs s\u00eb Seancave Plenare, n\u00eb vendin e caktuar p\u00ebr shtypin. Duke ju falenderuar p\u00ebr mir\u00ebkuptimin, mund t\u00eb m\u00eb shkruani p\u00ebr \u00e7do nevoj\u00eb p\u00ebr mb\u00ebshtetje apo sqarim. Faleminderit!<\/em><\/p>\n","protected":false},"excerpt":{"rendered":"<p>Seanca plenare e Kuvendit t\u00eb Shqip\u00ebris\u00eb nuk do t\u00eb zhvillohet dit\u00ebn e nes\u00ebrme ashtu si\u00e7 ishte parashikuar, por \u00ebsht\u00eb shtyr\u00eb p\u00ebr t\u00eb mart\u00ebn me dat\u00eb \u00a016.03.2021. Arsyeja e shtyrjes s\u00eb seanc\u00ebs plenare \u00ebsht\u00eb b\u00ebr\u00eb dita e ver\u00ebs, kjo pasi n\u00eb rastet kur festat zyrtare bie n\u00eb dit\u00ebt e pushimit javor t\u00eb shtun\u00ebn ose e diel\u00ebn, &hellip;<\/p>\n","protected":false},"author":1,"featured_media":6473,"comment_status":"closed","ping_status":"closed","sticky":true,"template":"","format":"standard","meta":{"_jetpack_memberships_contains_paid_content":false,"footnotes":""},"categories":[4],"tags":[],"jetpack_sharing_enabled":true,"jetpack_featured_media_url":"https:\/\/voranews.al\/wp-content\/uploads\/2021\/03\/BA912310-E45F-41BA-8CA5-E8C2B32B4B93.jpeg","_links":{"self":[{"href":"https:\/\/voranews.al\/index.php?rest_route=\/wp\/v2\/posts\/6472"}],"collection":[{"href":"https:\/\/voranews.al\/index.php?rest_route=\/wp\/v2\/posts"}],"about":[{"href":"https:\/\/voranews.al\/index.php?rest_route=\/wp\/v2\/types\/post"}],"author":[{"embeddable":true,"href":"https:\/\/voranews.al\/index.php?rest_route=\/wp\/v2\/users\/1"}],"replies":[{"embeddable":true,"href":"https:\/\/voranews.al\/index.php?rest_route=%2Fwp%2Fv2%2Fcomments&post=6472"}],"version-history":[{"count":1,"href":"https:\/\/voranews.al\/index.php?rest_route=\/wp\/v2\/posts\/6472\/revisions"}],"predecessor-version":[{"id":6474,"href":"https:\/\/voranews.al\/index.php?rest_route=\/wp\/v2\/posts\/6472\/revisions\/6474"}],"wp:featuredmedia":[{"embeddable":true,"href":"https:\/\/voranews.al\/index.php?rest_route=\/wp\/v2\/media\/6473"}],"wp:attachment":[{"href":"https:\/\/voranews.al\/index.php?rest_route=%2Fwp%2Fv2%2Fmedia&parent=6472"}],"wp:term":[{"taxonomy":"category","embeddable":true,"href":"https:\/\/voranews.al\/index.php?rest_route=%2Fwp%2Fv2%2Fcategories&post=6472"},{"taxonomy":"post_tag","embeddable":true,"href":"https:\/\/voranews.al\/index.php?rest_route=%2Fwp%2Fv2%2Ftags&post=6472"}],"curies":[{"name":"wp","href":"https:\/\/api.w.org\/{rel}","templated":true}]}}