{"id":6475,"date":"2021-03-14T17:32:54","date_gmt":"2021-03-14T16:32:54","guid":{"rendered":"https:\/\/voranews.al\/?p=6475"},"modified":"2021-03-14T17:32:59","modified_gmt":"2021-03-14T16:32:59","slug":"basha-takim-me-te-rinjte-ne-elbasan-kemi-plane-per-studentet","status":"publish","type":"post","link":"https:\/\/voranews.al\/?p=6475","title":{"rendered":"Basha takim me t\u00eb rinjt\u00eb n\u00eb Elbasan: Kemi plane p\u00ebr student\u00ebt"},"content":{"rendered":"\n<p>Kryetari i Partis\u00eb Demokratike, Lulzim Basha, gjat\u00eb vizit\u00ebs dit\u00ebn e sotme n\u00eb Elbasan ka biseduar me t\u00eb rinjt\u00eb e k\u00ebtij qyteti. Gjat\u00eb bised\u00ebs t\u00eb rinjt\u00eb kan\u00eb ngritur disa problematika q\u00eb hasin. Nd\u00ebr problematikat kryesore q\u00eb t\u00eb rinjt\u00eb than\u00eb, \u00ebsht\u00eb mungesa e pun\u00ebsimit dhe pasiguria n\u00eb t\u00eb cil\u00ebn jetojn\u00eb.<\/p>\n\n\n\n<p>Arlin Jaupi:&nbsp;<em>Un\u00eb jam lindur dhe jam rritur n\u00eb qytetin e Elbasanit. N\u00eb k\u00ebt\u00eb qytet kur dikur mund t\u00eb them q\u00eb kam lexuar p\u00ebr Elbasanin trash\u00ebgimis\u00eb, por sot po jetojm\u00eb n\u00eb Elbasanin e varf\u00ebris\u00eb! Jam krenar p\u00ebr Elbasanin e dashuris\u00eb, por sot jetojm\u00eb n\u00eb Elbasanin e frik\u00ebs! Dhe di\u00e7ka duhet b\u00ebr\u00eb! Besoj q\u00eb kush m\u00eb tep\u00ebr sesa t\u00eb rinjt\u00eb, jan\u00eb ata t\u00eb cil\u00ebt si\u00e7 e that\u00eb dhe ju do ta sjellin ndryshimin dhe t\u00eb rinjt\u00eb duhet t\u00eb jen\u00eb ata t\u00eb cil\u00ebt duhet t\u00eb vendosin dhe duhet ta shohin t\u00eb ardhmen k\u00ebtu, t\u00eb jetojn\u00eb k\u00ebtu, t\u00eb zhvillojn\u00eb jet\u00ebn e tyre k\u00ebtu dhe p\u00ebr nj\u00eb t\u00eb nes\u00ebrme m\u00eb t\u00eb mir\u00eb, duke krijuar familjet e tyre k\u00ebtu dhe duke par\u00eb Shqip\u00ebrin\u00eb si sht\u00ebpin\u00eb e tyre, duke shpresuar q\u00eb pas 25 prillit gjith\u00e7ka do t\u00eb marr\u00eb nj\u00eb rrjedh\u00eb normale dhe njer\u00ebzit do ta shikojn\u00eb t\u00eb ardhmen e tyre k\u00ebtu.<\/em><\/p>\n\n\n\n<p>Anduela Lufta:<em>&nbsp;Po. Aktualisht jam pa pun\u00eb por shpresojm\u00eb q\u00eb ky vend t\u00eb b\u00ebhet, sepse po t\u00eb flasim p\u00ebr arsimin kemi shum\u00eb mungesa. Duke qen\u00eb q\u00eb shum\u00eb nx\u00ebn\u00ebs, shum\u00eb student\u00eb kan\u00eb hasur v\u00ebshtir\u00ebsi dhe gjat\u00eb k\u00ebtyre 2 viteve, me m\u00ebsimin online apo me shum\u00eb peripeci t\u00eb ndryshme, ndiej nevoj\u00ebn t\u00eb them q\u00eb kemi nevoj\u00eb p\u00ebr m\u00eb shum\u00eb mb\u00ebshtetje, kemi nevoj\u00eb p\u00ebr ndryshim dhe vet\u00ebm rinia mund ta b\u00ebj\u00eb k\u00ebt\u00eb. N\u00eb t\u00eb shkencave ekzakte nuk duam t\u00eb flasim shum\u00eb, por me kaq besoj se i themi t\u00eb gjitha.<\/em><\/p>\n\n\n\n<p>Nd\u00ebr t\u00eb tjera, student\u00ebt gjithashtu shpreh\u00ebn pak\u00ebnaq\u00ebsi p\u00ebr cil\u00ebsin\u00eb e arsimit, n\u00eb universitete.&nbsp; Sipas tyre m\u00ebsimi online \u00ebsht\u00eb i d\u00ebshtuar p\u00ebr shkak t\u00eb m\u00ebnyr\u00ebs se si zhvillohet, dhe ka detyruar student\u00ebt t\u00eb l\u00ebn\u00eb studimet p\u00ebrgjysm\u00eb.<\/p>\n\n\n\n<p>Megi:&nbsp;<em>D\u00ebshiroja shum\u00eb q\u00eb t\u00eb vazhdoja masterin por duke qen\u00eb se m\u00ebsimi online, t\u00eb pakt\u00ebn n\u00eb k\u00ebndv\u00ebshtrimin tim, nuk \u00ebsht\u00eb n\u00eb ato stad q\u00eb duhet t\u00eb jet\u00eb, vendosa q\u00eb t\u00eb t\u00ebrhiqem. P\u00ebr t\u00eb mos folur pastaj n\u00eb t\u00ebr\u00ebsi p\u00ebr mang\u00ebsit\u00eb q\u00eb ka arsimi, vendosa q\u00eb t\u00eb pakt\u00ebn kjo do t\u00eb ishte nj\u00eb m\u00ebnyr\u00eb m\u00eb e mir\u00eb p\u00ebr mua. Dhe besoj se t\u00eb gjith\u00eb jan\u00eb koshiente p\u00ebr situat\u00ebn n\u00eb t\u00eb cil\u00ebn ndodhemi. Un\u00eb jam qytetare e Elbasanit, nj\u00eb prej qyteteve m\u00eb t\u00eb vjetra n\u00eb Shqip\u00ebri, baza e arsimit, kultur\u00ebs dhe t\u00eb shohim gjendjen n\u00eb t\u00eb cil\u00ebn jemi duke nisur nga arsimi. Nuk dua t\u00eb flas p\u00ebr \u00e7\u00ebshtjen kriminalistike sepse \u00ebsht\u00eb nj\u00eb tem\u00eb tjet\u00ebr m\u00eb e gjer\u00eb, nuk mendoj se m\u00eb p\u00ebrket mua por ta shoh vendin tim n\u00eb k\u00ebt\u00eb gjendje p\u00ebr shkak t\u00eb nj\u00eb keq menaxhimi t\u00eb theksuar, mua m\u00eb vjen shum\u00eb keq.<\/em><\/p>\n\n\n\n<p>Pasi d\u00ebgjoi shqet\u00ebsimet e tyre, Basha tha se 25 prillit \u00ebsht\u00eb dita e cila do t\u00eb largoj\u00eb trishtimin e \u00e7do t\u00eb riu p\u00ebr vend. Ai u zotua se qeveria e pas 25 prillit, me programin p\u00ebr arsimin, parashikon t\u00eb shtoj\u00eb or\u00ebt e praktik\u00ebs m\u00ebsimore n\u00eb \u00e7do universitet dhe p\u00ebr \u00e7do deg\u00eb q\u00eb mos t\u00eb jet\u00eb m\u00ebsim thjesht teorik. S\u00eb dyti, 1 n\u00eb \u00e7do 3 student\u00eb, m\u00eb t\u00eb mir\u00ebt, pasi t\u00eb mbarojn\u00eb studimet do ti ofrohet nj\u00eb vit stazh i paguar nga shteti q\u00eb t\u00eb fillojn\u00eb t\u00eb integrohen me tregun e pun\u00ebs dhe kjo do t\u00eb mund\u00ebsoj\u00eb, si\u00e7 mund\u00ebson \u00e7do vend normal q\u00eb diku midis 70 dhe 90% e stazhier\u00ebve t\u00eb sigurojn\u00eb nj\u00eb vend pune, ose aty ku po b\u00ebjn\u00eb stazhin ose p\u00ebrmes rrjetit q\u00eb krijojn\u00eb gjat\u00eb stazhit, gjat\u00eb praktik\u00ebs q\u00eb b\u00ebjn\u00eb n\u00eb profesionin e tyre.<\/p>\n\n\n\n<p>Lulzim Basha:<em>&nbsp;Tani \u00ebsht\u00eb koha t\u00eb b\u00ebhemi t\u00eb gjith\u00eb bashk\u00eb. Trishtimin dhe dram\u00ebn dhe rr\u00ebnimin q\u00eb ka mbjell\u00eb kjo qeveri n\u00eb 8 vite t\u2019ia kthejm\u00eb n\u00eb nj\u00eb vot\u00eb jo thjesht\u00eb p\u00ebr ta larguar at\u00eb por p\u00ebr t\u2019i kthyer shpres\u00ebn shqiptar\u00ebve. Dhe un\u00eb e di q\u00eb fuqia e shpres\u00ebs dhe e ndryshimit do t\u00eb vij nga rinia. Do t\u00eb vij nga ty dhe shok\u00ebt e shoqet e tu prandaj jam plot me besim se gjith\u00eb k\u00ebt\u00eb rr\u00ebnim q\u00eb ka shkaktuar p\u00ebr Elbasanin dhe p\u00ebr Shqip\u00ebrin\u00eb 8 vite t\u00eb keq qeverisjes do ta kap\u00ebrcejm\u00eb me energjin\u00eb, me dashurin tuaj p\u00ebr qytetin tuaj dhe p\u00ebr vendin dhe me profesionalizmin me t\u00eb cilin do t\u00eb dini ti p\u00ebrgjigjeni dhe q\u00eb do z\u00ebvend\u00ebsoj, meritokracia pra do z\u00ebvend\u00ebsoj k\u00ebt\u00eb ngritje n\u00eb piedestal t\u00eb analfabetizmit, t\u00eb klientelizmit dhe t\u00eb anonimitetit madje t\u00eb aleanc\u00ebs me krimin si\u00e7 ka ndodhur dhe po ndodh\u00eb edhe k\u00ebto jav\u00eb t\u00eb fundit t\u00eb qeveris n\u00eb ikje. Ne do t\u00eb nderojm\u00eb meritokracin\u00eb. Kemi planin p\u00ebr stazhe n\u00eb m\u00ebnyr\u00eb q\u00eb ata student q\u00eb mbarojn\u00eb universitetin te fillojn\u00eb t\u00eb integrohen n\u00eb tregun e pun\u00ebs, si kund\u00ebr kemi dhe planin kryesor q\u00eb \u00ebsht\u00eb plani ekonomik q\u00eb Shqip\u00ebria mos t\u00eb humbas shanset si\u00e7 kan\u00eb humbur shum\u00eb shanse n\u00eb k\u00ebto 8 vite nd\u00ebrkoh\u00eb q\u00eb vendet e tjera t\u00eb rajonit i kan\u00eb p\u00ebrfituar k\u00ebto shanse por t\u00eb kthehet n\u00eb nj\u00eb qend\u00ebr t\u00eb investimeve t\u00eb huaja dhe investimeve t\u00eb brendshme q\u00eb hapin vende pune me paga dinjitoze dhe q\u00eb sigurojn\u00eb mir\u00ebqenie p\u00ebr ju dhe koleg\u00ebt tuaj kudo ku jan\u00eb. K\u00ebshtu q\u00eb m\u00ebrzia dhe frustrimi ndihet kudo, padurimi p\u00ebr ndryshim ndihet kudo, le t\u00eb b\u00ebhemi t\u00eb gjith\u00eb bashk\u00eb q\u00eb 25 Prilli t\u00eb jet\u00eb dita e ndryshimit dhe m\u00eb 26 prill ta festojm\u00eb edhe nj\u00ebher\u00eb Dit\u00ebn e Ver\u00ebs t\u00eb gjith\u00eb bashk\u00eb.&nbsp;<\/em><em>Ajo q\u00eb t\u00eb thash\u00eb \u00ebsht\u00eb pik\u00ebrisht zgjidhja p\u00ebr k\u00ebt\u00eb problem. S\u00eb pari, ne do t\u00eb shtojm\u00eb or\u00ebt e praktik\u00ebs m\u00ebsimore n\u00eb \u00e7do universitet dhe p\u00ebr \u00e7do deg\u00eb q\u00eb mos t\u00eb jet\u00eb m\u00ebsim thjesht teorik por t\u00eb ket\u00eb edhe or\u00eb praktike dhe gjat\u00eb koh\u00ebs q\u00eb studioni. S\u00eb dyti, 1 n\u00eb \u00e7do 3 student\u00eb, m\u00eb t\u00eb mir\u00ebt, pasi t\u00eb mbarojn\u00eb studimet do ti ofrohet nj\u00eb vit stazh i paguar nga shteti q\u00eb t\u00eb fillojn\u00eb t\u00eb integrohen me tregun e pun\u00ebs dhe kjo do t\u00eb mund\u00ebsoj\u00eb, si\u00e7 mund\u00ebson \u00e7do vend normal q\u00eb diku midis 70 dhe 90% e stazhier\u00ebve t\u00eb sigurojn\u00eb nj\u00eb vend pune, ose aty ku po b\u00ebjn\u00eb stazhin ose p\u00ebrmes rrjetit q\u00eb krijojn\u00eb gjat\u00eb stazhit, gjat\u00eb praktik\u00ebs q\u00eb b\u00ebjn\u00eb n\u00eb profesionin e tyre. Ky do t\u00eb jet\u00eb dhe nj\u00eb nga ndryshimet kryesore q\u00eb do t\u00eb vij\u00eb p\u00ebrmes planit ton\u00eb me 25 prill. Ndaj na duhet ndihma juaj, na duhet t\u00eb jemi t\u00eb gjith\u00eb bashk\u00eb, e keqa do t\u00eb mundet p\u00ebrmes bashkimit t\u00eb gjith\u00eb shqiptar\u00ebve, si\u00e7 e the vet\u00eb pa dallime politike sepse dhe ndryshimi q\u00eb do t\u00eb vij\u00eb do ti sh\u00ebrbej\u00eb t\u00eb gjith\u00eb shqiptar\u00ebve dhe t\u00eb gjith\u00eb t\u00eb rinjve pa dallime politike.<\/em><\/p>\n","protected":false},"excerpt":{"rendered":"<p>Kryetari i Partis\u00eb Demokratike, Lulzim Basha, gjat\u00eb vizit\u00ebs dit\u00ebn e sotme n\u00eb Elbasan ka biseduar me t\u00eb rinjt\u00eb e k\u00ebtij qyteti. Gjat\u00eb bised\u00ebs t\u00eb rinjt\u00eb kan\u00eb ngritur disa problematika q\u00eb hasin. Nd\u00ebr problematikat kryesore q\u00eb t\u00eb rinjt\u00eb than\u00eb, \u00ebsht\u00eb mungesa e pun\u00ebsimit dhe pasiguria n\u00eb t\u00eb cil\u00ebn jetojn\u00eb. Arlin Jaupi:&nbsp;Un\u00eb jam lindur dhe jam rritur &hellip;<\/p>\n","protected":false},"author":1,"featured_media":6476,"comment_status":"closed","ping_status":"closed","sticky":true,"template":"","format":"standard","meta":{"_jetpack_memberships_contains_paid_content":false,"footnotes":""},"categories":[4],"tags":[],"jetpack_sharing_enabled":true,"jetpack_featured_media_url":"https:\/\/voranews.al\/wp-content\/uploads\/2021\/03\/0CF4B9AA-A6B4-46CA-A2F6-7701E42B6AF7.jpeg","_links":{"self":[{"href":"https:\/\/voranews.al\/index.php?rest_route=\/wp\/v2\/posts\/6475"}],"collection":[{"href":"https:\/\/voranews.al\/index.php?rest_route=\/wp\/v2\/posts"}],"about":[{"href":"https:\/\/voranews.al\/index.php?rest_route=\/wp\/v2\/types\/post"}],"author":[{"embeddable":true,"href":"https:\/\/voranews.al\/index.php?rest_route=\/wp\/v2\/users\/1"}],"replies":[{"embeddable":true,"href":"https:\/\/voranews.al\/index.php?rest_route=%2Fwp%2Fv2%2Fcomments&post=6475"}],"version-history":[{"count":1,"href":"https:\/\/voranews.al\/index.php?rest_route=\/wp\/v2\/posts\/6475\/revisions"}],"predecessor-version":[{"id":6477,"href":"https:\/\/voranews.al\/index.php?rest_route=\/wp\/v2\/posts\/6475\/revisions\/6477"}],"wp:featuredmedia":[{"embeddable":true,"href":"https:\/\/voranews.al\/index.php?rest_route=\/wp\/v2\/media\/6476"}],"wp:attachment":[{"href":"https:\/\/voranews.al\/index.php?rest_route=%2Fwp%2Fv2%2Fmedia&parent=6475"}],"wp:term":[{"taxonomy":"category","embeddable":true,"href":"https:\/\/voranews.al\/index.php?rest_route=%2Fwp%2Fv2%2Fcategories&post=6475"},{"taxonomy":"post_tag","embeddable":true,"href":"https:\/\/voranews.al\/index.php?rest_route=%2Fwp%2Fv2%2Ftags&post=6475"}],"curies":[{"name":"wp","href":"https:\/\/api.w.org\/{rel}","templated":true}]}}