{"id":6633,"date":"2021-03-18T15:54:07","date_gmt":"2021-03-18T14:54:07","guid":{"rendered":"https:\/\/voranews.al\/?p=6633"},"modified":"2021-03-18T15:54:12","modified_gmt":"2021-03-18T14:54:12","slug":"greqia-nis-rihapjen-cfare-masash-lehtesuese-priten-te-merren","status":"publish","type":"post","link":"https:\/\/voranews.al\/?p=6633","title":{"rendered":"Greqia nis rihapjen, \u00e7far\u00eb masash leht\u00ebsuese priten t\u00eb merren?"},"content":{"rendered":"\n<p><strong>Pavar\u00ebsisht se shifrat n\u00eb Greqi kan\u00eb kapur rekorde dhe spitalet po vuajn\u00eb prej shtrimeve t\u00eb pacient\u00ebve me COVID-19, qeveria t\u00eb shtun\u00ebn do t\u00eb marr\u00eb masa leht\u00ebsuese.<\/strong><\/p>\n\n\n\n<p>Mediat greke raportojn\u00eb se ky \u00ebsht\u00eb hapi i par\u00eb i relaksimit t\u00eb situat\u00ebs s\u00eb bllokimit, nd\u00ebrkoh\u00eb q\u00eb sezoni i turizmit po afron.<br>Pritet q\u00eb ora policore t\u00eb shkoj\u00eb nga 19:00 n\u00eb 21:00, po ashtu qytetar\u00ebt do t\u00eb lejohen t\u00eb l\u00ebvizin mes komunave p\u00ebr t\u00eb ushtruar aktivitete sportive.<\/p>\n\n\n\n<p>Nga e h\u00ebna m\u00eb pas po shihet mund\u00ebsia e hapjes s\u00eb parukerive dhe qendrave estetike.<br>Nd\u00ebrkoh\u00eb m\u00eb 29 mars pritet t\u00eb hidhet n\u00eb tryez\u00eb rihapja e aktivitetit t\u00eb shitjes me pakic\u00eb.<\/p>\n\n\n\n<p>N\u00eb prill m\u00eb pas, si\u00e7 ka paralajm\u00ebruar dhe kryeministri grek Kyriakos Mitsotakis, pritet t\u00eb nd\u00ebrmerren hapat e tjer\u00eb leht\u00ebsues nd\u00ebrkoh\u00eb q\u00eb Greqia shpreson shum\u00eb k\u00ebt\u00eb vit n\u00eb nj\u00eb \u00e7ertifikat\u00eb vaksinimi, n\u00eb m\u00ebnyr\u00eb q\u00eb t\u00eb pres\u00eb turist\u00ebt p\u00ebr sezonin.<\/p>\n","protected":false},"excerpt":{"rendered":"<p>Pavar\u00ebsisht se shifrat n\u00eb Greqi kan\u00eb kapur rekorde dhe spitalet po vuajn\u00eb prej shtrimeve t\u00eb pacient\u00ebve me COVID-19, qeveria t\u00eb shtun\u00ebn do t\u00eb marr\u00eb masa leht\u00ebsuese. Mediat greke raportojn\u00eb se ky \u00ebsht\u00eb hapi i par\u00eb i relaksimit t\u00eb situat\u00ebs s\u00eb bllokimit, nd\u00ebrkoh\u00eb q\u00eb sezoni i turizmit po afron.Pritet q\u00eb ora policore t\u00eb shkoj\u00eb nga 19:00 &hellip;<\/p>\n","protected":false},"author":1,"featured_media":6634,"comment_status":"closed","ping_status":"closed","sticky":true,"template":"","format":"standard","meta":{"_jetpack_memberships_contains_paid_content":false,"footnotes":""},"categories":[38],"tags":[],"jetpack_sharing_enabled":true,"jetpack_featured_media_url":"https:\/\/voranews.al\/wp-content\/uploads\/2021\/03\/0906FC17-62EE-4069-A920-E4489E161106.jpeg","_links":{"self":[{"href":"https:\/\/voranews.al\/index.php?rest_route=\/wp\/v2\/posts\/6633"}],"collection":[{"href":"https:\/\/voranews.al\/index.php?rest_route=\/wp\/v2\/posts"}],"about":[{"href":"https:\/\/voranews.al\/index.php?rest_route=\/wp\/v2\/types\/post"}],"author":[{"embeddable":true,"href":"https:\/\/voranews.al\/index.php?rest_route=\/wp\/v2\/users\/1"}],"replies":[{"embeddable":true,"href":"https:\/\/voranews.al\/index.php?rest_route=%2Fwp%2Fv2%2Fcomments&post=6633"}],"version-history":[{"count":1,"href":"https:\/\/voranews.al\/index.php?rest_route=\/wp\/v2\/posts\/6633\/revisions"}],"predecessor-version":[{"id":6635,"href":"https:\/\/voranews.al\/index.php?rest_route=\/wp\/v2\/posts\/6633\/revisions\/6635"}],"wp:featuredmedia":[{"embeddable":true,"href":"https:\/\/voranews.al\/index.php?rest_route=\/wp\/v2\/media\/6634"}],"wp:attachment":[{"href":"https:\/\/voranews.al\/index.php?rest_route=%2Fwp%2Fv2%2Fmedia&parent=6633"}],"wp:term":[{"taxonomy":"category","embeddable":true,"href":"https:\/\/voranews.al\/index.php?rest_route=%2Fwp%2Fv2%2Fcategories&post=6633"},{"taxonomy":"post_tag","embeddable":true,"href":"https:\/\/voranews.al\/index.php?rest_route=%2Fwp%2Fv2%2Ftags&post=6633"}],"curies":[{"name":"wp","href":"https:\/\/api.w.org\/{rel}","templated":true}]}}