{"id":6765,"date":"2021-03-22T19:59:14","date_gmt":"2021-03-22T18:59:14","guid":{"rendered":"https:\/\/voranews.al\/?p=6765"},"modified":"2021-03-22T19:59:20","modified_gmt":"2021-03-22T18:59:20","slug":"te-shtena-me-arme-zjarri-ne-durres-dyshohet-per-te-plagosur","status":"publish","type":"post","link":"https:\/\/voranews.al\/?p=6765","title":{"rendered":"T\u00eb sht\u00ebna me arm\u00eb zjarri n\u00eb Durr\u00ebs, dyshohet p\u00ebr t\u00eb plagosur"},"content":{"rendered":"\n<p>&nbsp;T\u00eb sht\u00ebna me amr\u00eb zjarri jan\u00eb regjistruar mbr\u00ebmjen e sotme n\u00eb qytetin e Durr\u00ebsit.&nbsp;<\/p>\n\n\n\n<p>Ngjarja ka ndodhur n\u00eb zon\u00ebn e stacionit t\u00eb trenit, n\u00eb lagjen nr 4 t\u00eb qytetit bregdetar.&nbsp;<\/p>\n\n\n\n<p>Dyshohet se si pasoj\u00eb e t\u00eb sht\u00ebnave kan\u00eb mbetur persona t\u00eb plagosur.<\/p>\n","protected":false},"excerpt":{"rendered":"<p>&nbsp;T\u00eb sht\u00ebna me amr\u00eb zjarri jan\u00eb regjistruar mbr\u00ebmjen e sotme n\u00eb qytetin e Durr\u00ebsit.&nbsp; Ngjarja ka ndodhur n\u00eb zon\u00ebn e stacionit t\u00eb trenit, n\u00eb lagjen nr 4 t\u00eb qytetit bregdetar.&nbsp; Dyshohet se si pasoj\u00eb e t\u00eb sht\u00ebnave kan\u00eb mbetur persona t\u00eb plagosur.<\/p>\n","protected":false},"author":1,"featured_media":6738,"comment_status":"closed","ping_status":"closed","sticky":true,"template":"","format":"standard","meta":{"_jetpack_memberships_contains_paid_content":false,"footnotes":""},"categories":[4],"tags":[],"jetpack_sharing_enabled":true,"jetpack_featured_media_url":"https:\/\/voranews.al\/wp-content\/uploads\/2021\/03\/F7F83059-29B0-4FDE-B246-AC45381EC210.jpeg","_links":{"self":[{"href":"https:\/\/voranews.al\/index.php?rest_route=\/wp\/v2\/posts\/6765"}],"collection":[{"href":"https:\/\/voranews.al\/index.php?rest_route=\/wp\/v2\/posts"}],"about":[{"href":"https:\/\/voranews.al\/index.php?rest_route=\/wp\/v2\/types\/post"}],"author":[{"embeddable":true,"href":"https:\/\/voranews.al\/index.php?rest_route=\/wp\/v2\/users\/1"}],"replies":[{"embeddable":true,"href":"https:\/\/voranews.al\/index.php?rest_route=%2Fwp%2Fv2%2Fcomments&post=6765"}],"version-history":[{"count":1,"href":"https:\/\/voranews.al\/index.php?rest_route=\/wp\/v2\/posts\/6765\/revisions"}],"predecessor-version":[{"id":6766,"href":"https:\/\/voranews.al\/index.php?rest_route=\/wp\/v2\/posts\/6765\/revisions\/6766"}],"wp:featuredmedia":[{"embeddable":true,"href":"https:\/\/voranews.al\/index.php?rest_route=\/wp\/v2\/media\/6738"}],"wp:attachment":[{"href":"https:\/\/voranews.al\/index.php?rest_route=%2Fwp%2Fv2%2Fmedia&parent=6765"}],"wp:term":[{"taxonomy":"category","embeddable":true,"href":"https:\/\/voranews.al\/index.php?rest_route=%2Fwp%2Fv2%2Fcategories&post=6765"},{"taxonomy":"post_tag","embeddable":true,"href":"https:\/\/voranews.al\/index.php?rest_route=%2Fwp%2Fv2%2Ftags&post=6765"}],"curies":[{"name":"wp","href":"https:\/\/api.w.org\/{rel}","templated":true}]}}