{"id":6803,"date":"2021-03-23T22:02:18","date_gmt":"2021-03-23T21:02:18","guid":{"rendered":"https:\/\/voranews.al\/?p=6803"},"modified":"2021-03-23T22:02:24","modified_gmt":"2021-03-23T21:02:24","slug":"merret-vendimi-gjermania-ashperson-masat-vijon-mbyllja-deri-me-18-prill","status":"publish","type":"post","link":"https:\/\/voranews.al\/?p=6803","title":{"rendered":"Merret vendimi! Gjermania ashp\u00ebrson masat, vijon mbyllja deri m\u00eb 18 prill"},"content":{"rendered":"\n<p><strong>Gjermani- P\u00ebr shkak t\u00eb rritjes s\u00eb numrit t\u00eb infektimeve, Gjermania rikthen masat kufizuese dhe nuk lejon lirimin e tyre as n\u00eb koh\u00ebn e pashk\u00ebve. N\u00eb nj\u00eb koh\u00eb q\u00eb shum\u00eb vet\u00eb kishin shpresuar p\u00ebr pushime t\u00eb shkurtra.<\/strong><\/p>\n\n\n\n<p>Lockdowni q\u00eb po zgjat q\u00eb nga n\u00ebntori n\u00eb Gjermani, do t\u00eb zgjatet deri n\u00eb 18 prill, po ashtu po t\u00ebrhiqen edhe ato pak lirime q\u00eb u lejuan k\u00ebto dy jav\u00ebt e fundit. Ky ishte vendimi i kancelares Merkel me kryeministrat e 16 landeve gjermane pas takimit t\u00eb s\u00eb h\u00ebn\u00ebs (22.03) n\u00eb Berlin. Kjo koh\u00eb kufizimesh \u00ebsht\u00eb e ve\u00e7ant\u00eb, pasi p\u00ebrfshin edhe dit\u00ebt e pashk\u00ebve, nj\u00eb nga festat m\u00eb t\u00eb r\u00ebnd\u00ebsishme fetare n\u00eb Gjermani pas krishtlindjeve. Krahas r\u00ebnd\u00ebsis\u00eb fetare q\u00eb kjo fest\u00eb ka p\u00ebr katolik\u00ebt, k\u00ebto dit\u00eb jan\u00eb edhe dit\u00eb udh\u00ebtimesh p\u00ebr familjet apo vizitash familjare. Por kjo gati nuk ka p\u00ebr t\u00eb qen\u00eb e mundur.<\/p>\n\n\n\n<p>Takimi i kryeministrave me kancelaren Merkel ishte i v\u00ebshtir\u00eb t\u00eb h\u00ebn\u00ebn, madje u fol nj\u00eb koh\u00eb edhe p\u00ebr d\u00ebshtim t\u00eb bisedimeve, sepse ishte e v\u00ebshtir\u00eb t\u00eb arrihej ujdia. Disa lande federale kishin hyr\u00eb madje n\u00eb bisedime me propozime p\u00ebr lirime masash. Pas 13 or\u00eb bisedimesh, Merkel ia doli me strategjin\u00eb e saj p\u00ebr shtr\u00ebngim masash, madje duke i marr\u00eb k\u00ebtyre landeve edhe premtimin p\u00ebr forcimin e masave kund\u00ebr Coron\u00ebs.<\/p>\n\n\n\n<p><strong>Super-lockdown n\u00eb vend t\u00eb pushimeve<\/strong><\/p>\n\n\n\n<p>Para takimit pati nj\u00eb debat t\u00eb madh n\u00eb Gjermani, se \u00e7far\u00eb masash do jen\u00eb t\u00eb lejuara dit\u00ebt e pashk\u00ebve. Sidomos tre landet veriore bregdetare gjermane ishin shprehur p\u00ebr mund\u00ebsin\u00eb e \u201cpushimeve me pak kontakte\u201d, si marrja me qira e sht\u00ebpive apo apartamenteve t\u00eb pushimit. K\u00ebshtu do duhej t\u00eb lejoheshin pushimet t\u00eb pakt\u00ebn brenda landit. Ende n\u00eb Gjermani nuk lejohet t\u00eb kalosh nat\u00ebn p\u00ebr turiz\u00ebm n\u00eb nj\u00eb hotel. N\u00eb nj\u00eb koh\u00eb q\u00eb udh\u00ebtimet ne Majorka, ishullin e preferuar t\u00eb gjerman\u00ebve aktualisht jan\u00eb t\u00eb mundura.<\/p>\n\n\n\n<p>Merkel ishte kund\u00ebr hapjes s\u00eb hoteleve n\u00eb Gjermani. Ekspert\u00ebt kishin k\u00ebshilluar, se ky \u00ebsht\u00eb nj\u00eb sinjal i gabuar. Edhe p\u00ebr udh\u00ebtimet n\u00eb Majorka, Merkel nuk ka qen\u00eb e k\u00ebnaqur. Por kjo nuk mund t\u00eb merret p\u00ebr baz\u00eb p\u00ebr nj\u00eb hap t\u00eb gabuar n\u00eb vend. Pas k\u00ebsaj u nd\u00ebrpren\u00eb bisedimet p\u00ebr t\u2019u zhvilluar m\u00eb von\u00eb. N\u00eb vend t\u00eb lockdownit flitet tani p\u00ebr \u201cqet\u00ebsin\u00eb e pashk\u00ebve\u201d. P\u00ebr k\u00ebt\u00eb do t\u00eb futen si shtes\u00eb dy dit\u00eb t\u00eb tjera pushimi. Nga data 1 deri m\u00eb 5 prill nuk do t\u00eb ket\u00eb grumbullime publike dhe do ket\u00eb kufizime n\u00eb maksimum t\u00eb kontakteve. Vet\u00ebm dyqanet e ushqimeve do t\u00eb mund t\u00eb hapen p\u00ebr nj\u00eb dit\u00eb. Meshat fetare do t\u00eb mbahen online.<\/p>\n\n\n\n<p><strong>Vala e tret\u00eb e infektimeve<\/strong><\/p>\n\n\n\n<p>Gjendja epidemike n\u00eb Gjermani po keq\u00ebsohet m\u00eb shpejt\u00ebsi, si n\u00eb shum\u00eb n\u00eb vende t\u00eb tjera europiane edhe n\u00eb Gjermani po afrohet vala e tret\u00eb e pandemis\u00eb. K\u00ebshtu aktualisht po infektohen 60% m\u00eb shum\u00eb njer\u00ebz me virusin, se para dy dit\u00ebve. Vlera e incidienc\u00ebs s\u00eb virusit \u00ebsht\u00eb rritur n\u00eb mbi 100. Para dy jav\u00ebsh ajo ishte 68. P\u00ebr shkak se vaksinimi po ec\u00ebn shum\u00eb ngadal\u00eb nuk mund t\u00eb ndalet vala e tret\u00eb e pandemis\u00eb.<\/p>\n\n\n\n<p>Merkel u shpreh se rritja e infektimeve ka \u00e7uar n\u00eb nj\u00eb \u201csituat\u00eb shum\u00eb serioze\u201d. Por ajo nuk u shpreh, se sa efekt kan\u00eb n\u00eb k\u00ebt\u00eb situat\u00eb shtimi i testimeve p\u00ebr shkak t\u00eb futjes s\u00eb vet\u00ebtestimit apo testeve t\u00eb shpejt\u00eb. Edhe nj\u00eb tregues tjet\u00ebr \u00ebsht\u00eb p\u00ebrkeq\u00ebsuar: Numri i pacient\u00ebve me COVID n\u00eb trajtimin intensiv \u00ebsht\u00eb shtuar. N\u00eb takimin e fundit t\u00eb kancelares Merkel me kryeministrat e landeve u ra dakord p\u00ebr fren\u00ebn e urgjenc\u00ebs, q\u00eb do t\u00eb thoshte, se lirimet e masave do t\u00eb t\u00ebrhiqeshin n\u00eb momentin q\u00eb infektimet shtohen. S\u00eb fundmi disa komuna gjermane nuk e zbatuan at\u00eb, prandaj zbatimi i k\u00ebsaj ujdie do t\u00eb k\u00ebrkohet tani t\u00eb b\u00ebhet m\u00eb m\u00eb konsekuenc\u00eb.<\/p>\n\n\n\n<p><strong>Atmosfera n\u00eb popullsi kritike<\/strong><\/p>\n\n\n\n<p>Kufizimet e para t\u00eb pandemis\u00eb n\u00eb mars t\u00eb vitit t\u00eb kaluar gjet\u00ebn nj\u00eb mb\u00ebshtetje t\u00eb gjer\u00eb dhe u zbatuan n\u00eb mas\u00eb t\u00eb madhe n\u00eb Gjermani. Por prej jav\u00ebsh \u00ebsht\u00eb rritur skepticizmi ndaj politik\u00ebs s\u00eb qeveris\u00eb gjermane p\u00ebr mbrojtjen nga Corona. Shum\u00eb gjerman\u00eb jan\u00eb lodhur nga pandemia. Protestat kund\u00ebr masave q\u00eb ishin t\u00eb pakta k\u00ebto muaj kan\u00eb filluar t\u00eb shtohen, s\u00eb fundmi pati p\u00ebrleshje t\u00eb dhunshme me policin\u00eb. Instituti i sondazheve, YouGov n\u00eb nj\u00eb sondaznt\u00eb fundit ka arritur n\u00eb p\u00ebrfundimin, se gjithnj\u00eb e m\u00eb shum\u00eb vet\u00eb, q\u00eb nga nd\u00ebrrimi i viteve po e vler\u00ebsojn\u00eb negativisht m\u00ebnyr\u00ebn e veprimit n\u00eb kriz\u00ebn e Coron\u00ebs.<strong>\/DW<\/strong><\/p>\n","protected":false},"excerpt":{"rendered":"<p>Gjermani- P\u00ebr shkak t\u00eb rritjes s\u00eb numrit t\u00eb infektimeve, Gjermania rikthen masat kufizuese dhe nuk lejon lirimin e tyre as n\u00eb koh\u00ebn e pashk\u00ebve. N\u00eb nj\u00eb koh\u00eb q\u00eb shum\u00eb vet\u00eb kishin shpresuar p\u00ebr pushime t\u00eb shkurtra. Lockdowni q\u00eb po zgjat q\u00eb nga n\u00ebntori n\u00eb Gjermani, do t\u00eb zgjatet deri n\u00eb 18 prill, po ashtu po &hellip;<\/p>\n","protected":false},"author":1,"featured_media":6804,"comment_status":"closed","ping_status":"closed","sticky":true,"template":"","format":"standard","meta":{"_jetpack_memberships_contains_paid_content":false,"footnotes":""},"categories":[38],"tags":[],"jetpack_sharing_enabled":true,"jetpack_featured_media_url":"https:\/\/voranews.al\/wp-content\/uploads\/2021\/03\/B91BB4D4-4D09-46BE-9F4A-978B7769A44A.jpeg","_links":{"self":[{"href":"https:\/\/voranews.al\/index.php?rest_route=\/wp\/v2\/posts\/6803"}],"collection":[{"href":"https:\/\/voranews.al\/index.php?rest_route=\/wp\/v2\/posts"}],"about":[{"href":"https:\/\/voranews.al\/index.php?rest_route=\/wp\/v2\/types\/post"}],"author":[{"embeddable":true,"href":"https:\/\/voranews.al\/index.php?rest_route=\/wp\/v2\/users\/1"}],"replies":[{"embeddable":true,"href":"https:\/\/voranews.al\/index.php?rest_route=%2Fwp%2Fv2%2Fcomments&post=6803"}],"version-history":[{"count":1,"href":"https:\/\/voranews.al\/index.php?rest_route=\/wp\/v2\/posts\/6803\/revisions"}],"predecessor-version":[{"id":6805,"href":"https:\/\/voranews.al\/index.php?rest_route=\/wp\/v2\/posts\/6803\/revisions\/6805"}],"wp:featuredmedia":[{"embeddable":true,"href":"https:\/\/voranews.al\/index.php?rest_route=\/wp\/v2\/media\/6804"}],"wp:attachment":[{"href":"https:\/\/voranews.al\/index.php?rest_route=%2Fwp%2Fv2%2Fmedia&parent=6803"}],"wp:term":[{"taxonomy":"category","embeddable":true,"href":"https:\/\/voranews.al\/index.php?rest_route=%2Fwp%2Fv2%2Fcategories&post=6803"},{"taxonomy":"post_tag","embeddable":true,"href":"https:\/\/voranews.al\/index.php?rest_route=%2Fwp%2Fv2%2Ftags&post=6803"}],"curies":[{"name":"wp","href":"https:\/\/api.w.org\/{rel}","templated":true}]}}