{"id":6806,"date":"2021-03-24T07:03:23","date_gmt":"2021-03-24T06:03:23","guid":{"rendered":"https:\/\/voranews.al\/?p=6806"},"modified":"2021-03-24T07:03:28","modified_gmt":"2021-03-24T06:03:28","slug":"si-e-beri-per-vete-shkelzen-jetishi-miss-gjakoven","status":"publish","type":"post","link":"https:\/\/voranews.al\/?p=6806","title":{"rendered":"Si e b\u00ebri p\u00ebr vete Shk\u00eblzen Jetishi \u201cMiss Gjakov\u00ebn\u201d?"},"content":{"rendered":"\n<p><strong>Shk\u00eblzen Jetishi, p\u00ebr t\u00eb gjjth\u00eb i njohur si Xeni, \u00ebsht\u00eb nj\u00eb nga k\u00ebng\u00ebtar\u00ebt e mir\u00ebnjohur t\u00eb muzik\u00ebs popullore n\u00eb vend, shkruan \u201cKosovarja\u201d.<\/strong><\/p>\n\n\n\n<p>Xeni, si t\u00eb gjith\u00eb k\u00ebng\u00ebtar\u00ebt e tjer\u00eb, aktualisht \u00ebsht\u00eb n\u00eb pauz\u00eb t\u00eb gjat\u00eb p\u00ebr shkak t\u00eb pandemis\u00eb.<\/p>\n\n\n\n<p>Ai, po i p\u00ebrkushtohet jet\u00ebs familjare dhe duket se kurr\u00eb m\u00eb par\u00eb nuk ka qen\u00eb m\u00eb i lumtur pran\u00eb njer\u00ebzve t\u00eb sht\u00ebpis\u00eb.<\/p>\n\n\n\n<p>Xeni, \u00ebsht\u00eb bashk\u00ebshort i lumtur dhe e shoqja i rri p\u00ebrher\u00eb pran\u00eb.<\/p>\n\n\n\n<figure class=\"wp-block-image\"><img decoding=\"async\" src=\"https:\/\/www.kosovarja-ks.com\/wp-content\/uploads\/2021\/03\/jetishishkelzen_162688087_467612511048460_6511538636987160644_n.jpg\" alt=\"\" class=\"wp-image-166823\"\/><\/figure>\n\n\n\n<p>A e dinit q\u00eb gruaja e Xenit ishte \u201cMiss Gjakova\u201d, madje u b\u00eb e Xenit q\u00eb n\u00eb adoloshenc\u00eb, shkruan \u201cKosovarja\u201d.<\/p>\n","protected":false},"excerpt":{"rendered":"<p>Shk\u00eblzen Jetishi, p\u00ebr t\u00eb gjjth\u00eb i njohur si Xeni, \u00ebsht\u00eb nj\u00eb nga k\u00ebng\u00ebtar\u00ebt e mir\u00ebnjohur t\u00eb muzik\u00ebs popullore n\u00eb vend, shkruan \u201cKosovarja\u201d. Xeni, si t\u00eb gjith\u00eb k\u00ebng\u00ebtar\u00ebt e tjer\u00eb, aktualisht \u00ebsht\u00eb n\u00eb pauz\u00eb t\u00eb gjat\u00eb p\u00ebr shkak t\u00eb pandemis\u00eb. Ai, po i p\u00ebrkushtohet jet\u00ebs familjare dhe duket se kurr\u00eb m\u00eb par\u00eb nuk ka qen\u00eb m\u00eb &hellip;<\/p>\n","protected":false},"author":1,"featured_media":6807,"comment_status":"closed","ping_status":"closed","sticky":true,"template":"","format":"standard","meta":{"_jetpack_memberships_contains_paid_content":false,"footnotes":""},"categories":[36],"tags":[],"jetpack_sharing_enabled":true,"jetpack_featured_media_url":"https:\/\/voranews.al\/wp-content\/uploads\/2021\/03\/19D35A94-9001-4DBA-B65D-98969700AEB1.png","_links":{"self":[{"href":"https:\/\/voranews.al\/index.php?rest_route=\/wp\/v2\/posts\/6806"}],"collection":[{"href":"https:\/\/voranews.al\/index.php?rest_route=\/wp\/v2\/posts"}],"about":[{"href":"https:\/\/voranews.al\/index.php?rest_route=\/wp\/v2\/types\/post"}],"author":[{"embeddable":true,"href":"https:\/\/voranews.al\/index.php?rest_route=\/wp\/v2\/users\/1"}],"replies":[{"embeddable":true,"href":"https:\/\/voranews.al\/index.php?rest_route=%2Fwp%2Fv2%2Fcomments&post=6806"}],"version-history":[{"count":1,"href":"https:\/\/voranews.al\/index.php?rest_route=\/wp\/v2\/posts\/6806\/revisions"}],"predecessor-version":[{"id":6808,"href":"https:\/\/voranews.al\/index.php?rest_route=\/wp\/v2\/posts\/6806\/revisions\/6808"}],"wp:featuredmedia":[{"embeddable":true,"href":"https:\/\/voranews.al\/index.php?rest_route=\/wp\/v2\/media\/6807"}],"wp:attachment":[{"href":"https:\/\/voranews.al\/index.php?rest_route=%2Fwp%2Fv2%2Fmedia&parent=6806"}],"wp:term":[{"taxonomy":"category","embeddable":true,"href":"https:\/\/voranews.al\/index.php?rest_route=%2Fwp%2Fv2%2Fcategories&post=6806"},{"taxonomy":"post_tag","embeddable":true,"href":"https:\/\/voranews.al\/index.php?rest_route=%2Fwp%2Fv2%2Ftags&post=6806"}],"curies":[{"name":"wp","href":"https:\/\/api.w.org\/{rel}","templated":true}]}}