{"id":7246,"date":"2021-04-09T09:01:58","date_gmt":"2021-04-09T08:01:58","guid":{"rendered":"https:\/\/voranews.al\/?p=7246"},"modified":"2021-04-09T09:02:08","modified_gmt":"2021-04-09T08:02:08","slug":"pas-dy-ditesh-bllokimi-sot-nisin-fluturimet-rikthehet-normaliteti-ne-aeroportin-e-rinasit","status":"publish","type":"post","link":"https:\/\/voranews.al\/?p=7246","title":{"rendered":"Pas dy dit\u00ebsh bllokimi sot nisin fluturimet, rikthehet normaliteti n\u00eb Aeroportin e Rinasit"},"content":{"rendered":"\n<p>Ministrja e Infrastruktur\u00ebs dhe Energjis\u00eb, Belinda Balluku ka njoftuar se duke filluar nga dita e sotme n\u00eb or\u00ebn 9:00 operimet n\u00eb aeroportin e Rinasit dhe n\u00eb hap\u00ebsir\u00ebn ajrore shqiptar\u00eb do t\u00eb kthehen n\u00eb normalitet.<\/p>\n\n\n\n<p>Njoftimin e ka b\u00ebr\u00eb p\u00ebrmes nj\u00eb statusi n\u00eb Facebook pas mesnat\u00ebs, nd\u00ebrkoh\u00eb q\u00eb e paralajm\u00ebroi edhe nj\u00eb dit\u00eb m\u00eb par\u00eb gjat\u00eb nj\u00eb komunikimi p\u00ebr mediat.<\/p>\n\n\n\n<p>Balluku tha se fillimisht do t\u00eb nisnin fluturimet emergjente dhe m\u00eb pas ato p\u00ebr pasagjer\u00ebt.<\/p>\n\n\n\n<p>Fluturimet n\u00eb aeroportin e Rinasit u bllokuan p\u00ebr 48 or\u00eb p\u00ebr shkak t\u00eb nj\u00eb greve t\u00eb kontrollor\u00ebve t\u00eb trafikut ajror.<\/p>\n\n\n\n<p>Kriza n\u00eb aeroportin e Rinasit u zgjidh duke sjelle disa kontrollor\u00eb turq t\u00eb trafikut ajror, t\u00eb cil\u00ebt do t\u00eb z\u00ebvend\u00ebsojn\u00eb kontrollor\u00ebt shqiptar\u00eb q\u00eb pezulluan pun\u00ebn. Kjo b\u00ebri q\u00eb n\u00eb Rinas t\u00eb ulej avioni i par\u00eb i \u201cAir Albania\u201d, i cili transportoi nj\u00eb sasi vaksinash.<\/p>\n\n\n\n<p>M\u00ebsohet se kontrollor\u00ebt turq kan\u00eb mb\u00ebrritur mbr\u00ebmjen e s\u00eb m\u00ebrkur\u00ebs n\u00eb Rinas, duke ardhur nga Podgorica. Por gjat\u00eb dit\u00ebs s\u00eb djeshme Ministria e Transportit nisi negociata me disa vende t\u00eb Bashkimit Europian p\u00ebr z\u00ebvend\u00ebsimin e kontrollor\u00ebve t\u00eb trafikut ajror n\u00eb Shqip\u00ebri, t\u00eb cil\u00ebt kan\u00eb braktisur pun\u00ebn.<\/p>\n\n\n\n<p>Ishte Komiteti i Emergjencave Civile q\u00eb i hapi drit\u00ebn e gjelb\u00ebr z\u00ebvend\u00ebsimit t\u00eb kontrollor\u00ebve. Marrja e \u201cOK\u201d-it nga Komiteti i Emergjencave Civile shkurton procedurat e z\u00ebvend\u00ebsimit t\u00eb tyre. M\u00ebsohet se \u00ebsht\u00eb marr\u00eb p\u00ebrgjigje pozitive nga disa vende partnere, nd\u00ebrsa zgjidhja m\u00eb e shpejt\u00eb \u00ebsht\u00eb gjetur p\u00ebrmes kontrollor\u00ebve turq. Z\u00ebvend\u00ebsimi i kontrollor\u00ebve pritet t\u00eb zgjas\u00eb derisa t\u00eb ket\u00eb nj\u00eb zgjidhje p\u00ebrfundimtare t\u00eb situat\u00ebs s\u00eb krijuar.<\/p>\n","protected":false},"excerpt":{"rendered":"<p>Ministrja e Infrastruktur\u00ebs dhe Energjis\u00eb, Belinda Balluku ka njoftuar se duke filluar nga dita e sotme n\u00eb or\u00ebn 9:00 operimet n\u00eb aeroportin e Rinasit dhe n\u00eb hap\u00ebsir\u00ebn ajrore shqiptar\u00eb do t\u00eb kthehen n\u00eb normalitet. Njoftimin e ka b\u00ebr\u00eb p\u00ebrmes nj\u00eb statusi n\u00eb Facebook pas mesnat\u00ebs, nd\u00ebrkoh\u00eb q\u00eb e paralajm\u00ebroi edhe nj\u00eb dit\u00eb m\u00eb par\u00eb gjat\u00eb &hellip;<\/p>\n","protected":false},"author":1,"featured_media":7247,"comment_status":"closed","ping_status":"closed","sticky":true,"template":"","format":"standard","meta":{"_jetpack_memberships_contains_paid_content":false,"footnotes":""},"categories":[4],"tags":[],"jetpack_sharing_enabled":true,"jetpack_featured_media_url":"https:\/\/voranews.al\/wp-content\/uploads\/2021\/04\/1A3F94EF-6B52-48A1-97A1-8EC66D2C0046.jpeg","_links":{"self":[{"href":"https:\/\/voranews.al\/index.php?rest_route=\/wp\/v2\/posts\/7246"}],"collection":[{"href":"https:\/\/voranews.al\/index.php?rest_route=\/wp\/v2\/posts"}],"about":[{"href":"https:\/\/voranews.al\/index.php?rest_route=\/wp\/v2\/types\/post"}],"author":[{"embeddable":true,"href":"https:\/\/voranews.al\/index.php?rest_route=\/wp\/v2\/users\/1"}],"replies":[{"embeddable":true,"href":"https:\/\/voranews.al\/index.php?rest_route=%2Fwp%2Fv2%2Fcomments&post=7246"}],"version-history":[{"count":1,"href":"https:\/\/voranews.al\/index.php?rest_route=\/wp\/v2\/posts\/7246\/revisions"}],"predecessor-version":[{"id":7248,"href":"https:\/\/voranews.al\/index.php?rest_route=\/wp\/v2\/posts\/7246\/revisions\/7248"}],"wp:featuredmedia":[{"embeddable":true,"href":"https:\/\/voranews.al\/index.php?rest_route=\/wp\/v2\/media\/7247"}],"wp:attachment":[{"href":"https:\/\/voranews.al\/index.php?rest_route=%2Fwp%2Fv2%2Fmedia&parent=7246"}],"wp:term":[{"taxonomy":"category","embeddable":true,"href":"https:\/\/voranews.al\/index.php?rest_route=%2Fwp%2Fv2%2Fcategories&post=7246"},{"taxonomy":"post_tag","embeddable":true,"href":"https:\/\/voranews.al\/index.php?rest_route=%2Fwp%2Fv2%2Ftags&post=7246"}],"curies":[{"name":"wp","href":"https:\/\/api.w.org\/{rel}","templated":true}]}}