{"id":7856,"date":"2021-04-30T12:09:27","date_gmt":"2021-04-30T11:09:27","guid":{"rendered":"https:\/\/voranews.al\/?p=7856"},"modified":"2021-04-30T12:09:27","modified_gmt":"2021-04-30T11:09:27","slug":"policia-e-tiranes-arreston-11-persona-ja-per-cfare-akuzohen","status":"publish","type":"post","link":"https:\/\/voranews.al\/?p=7856","title":{"rendered":"Policia e Tiran\u00ebs arreston 11 persona, ja p\u00ebr \u00e7far\u00eb akuzohen"},"content":{"rendered":"\n<p>Policia e Tiran\u00ebs ka arrestuar disa qytetar\u00eb, t\u00eb akuzuar p\u00ebr vepra t\u00eb ndryshme penale.<\/p>\n\n\n\n<p>N\u00eb prangat e policis\u00eb, ka r\u00ebn\u00eb 23-vje\u00e7ari, L. GJ., pasi gjat\u00eb kontrollit fizik t\u00eb ushtruar nga Forcat e Posa\u00e7me \u201cShqiponjat\u201d, iu gjet e iu sekuestrua sasi me l\u00ebnd\u00eb narkotike t\u00eb llojit kanabis.<\/p>\n\n\n\n<p>Gjithashtu, policia ka arrestuar nj\u00eb 26-vje\u00e7ar\u00eb n\u00eb Shkoz\u00eb, pasi ka goditur me grushte shtetasin M. ZH., 29-vje\u00e7, duke i shkaktuar d\u00ebmtime t\u00eb lehta. Gjat\u00eb kontrollit t\u00eb mjetit t\u00eb tij, u gjet nj\u00eb arm\u00eb e ftoht\u00eb (dorez\u00eb metalike.<\/p>\n\n\n\n<p>Sakaq, policia ka b\u00ebr\u00eb t\u00eb mundur edhe arrestimin e 34-vje\u00e7arit A. M., i shpallur n\u00eb k\u00ebrkim p\u00ebr vepr\u00ebn penale \u201cVjedhja\u201d.<\/p>\n\n\n\n<p>Njoftimi i plot\u00eb:<\/p>\n\n\n\n<p>Tiran\u00eb<\/p>\n\n\n\n<p>Specialist\u00ebt p\u00ebr Hetimin e Narkotik\u00ebve b\u00ebn\u00eb arrestimin n\u00eb flagranc\u00eb t\u00eb shtetasit L. Gj., 23 vje\u00e7, pasi gjat\u00eb kontrollit fizik t\u00eb ushtruar nga Forca e Posa\u00e7me \u201cShqiponjat\u201d iu gjet dhe iu sekuestrua n\u00eb cil\u00ebsin\u00eb e prov\u00ebs materiale nj\u00eb sasi me l\u00ebnd\u00eb narkotike kanabis.<\/p>\n\n\n\n<p>Nga specialist\u00ebt p\u00ebr Hetimin e Krimit n\u00eb Komisariatin e Policis\u00eb Nr. 1 u b\u00eb arrestimi n\u00eb flagranc\u00eb i shtetasit A. H.(S)., 26 vje\u00e7, pasi n\u00eb rrug\u00ebn \u201cAli Shefqeti\u201d, Shkoz\u00eb, ka goditur me grushte shtetasin M. Zh., 29 vje\u00e7, duke i shkaktuar d\u00ebmtime t\u00eb lehta. Gjat\u00eb kontrollit t\u00eb mjetit me t\u00eb cilin ky shtetas qarkullonte u gjet dhe u sekuestrua nj\u00eb arm\u00eb e ftoht\u00eb (dorez\u00eb metalike).<\/p>\n\n\n\n<p>Po nga specialist\u00ebt p\u00ebr Hetimin e Krimit n\u00eb Komisariatin e Policis\u00eb Nr. 1 u b\u00eb kapja dhe ndalimi i shtetasit A. M., 34 vje\u00e7, i shpallur n\u00eb k\u00ebrkim p\u00ebr vepr\u00ebn penale \u201cVjedhja\u201d.<\/p>\n\n\n\n<p>Nga specialist\u00ebt p\u00ebr Hetimin e Krimit n\u00eb Komisariatin e Policis\u00eb Nr. 2 u b\u00eb ndalimi i shtetasit V. K., 28 vje\u00e7, p\u00ebr vepr\u00ebn penale \u201cPlagosja e leht\u00eb me dashje\u201d.<\/p>\n\n\n\n<p>Specialist\u00ebt e Qarkullimit Rrugor b\u00ebn\u00eb arrestimin n\u00eb flagranc\u00eb t\u00eb shtetasve:<\/p>\n\n\n\n<p>H., 35 vje\u00e7 dhe V. H., 56 vje\u00e7, pasi u kap\u00ebn n\u00eb flagranc\u00eb duke drejtuar mjetin n\u00eb gjendje t\u00eb dehur; K., 22 vje\u00e7, pasi dit\u00ebn e djeshme, n\u00eb Kamz\u00eb, aksidentoi me pasoj\u00eb vdekjen k\u00ebmb\u00ebsorin me iniciale H. A.<\/p>\n\n\n\n<p>M\u00eb dat\u00eb 29.04.2021 u referuan materialet n\u00eb Prokurorin\u00eb pran\u00eb Gjykat\u00ebs s\u00eb Shkall\u00ebs s\u00eb Par\u00eb Tiran\u00eb dhe punohet p\u00ebr kapjen e shtetasit A. K., 36 vje\u00e7, sepse pas nj\u00eb konflikti p\u00ebr parkimin e mjetit, ka goditur me grushte shtetasin A. A., duke i shkaktuar d\u00ebmtime t\u00eb lehta. M\u00eb dat\u00eb 29.04.2021 u referuan materialet n\u00eb Prokurorin\u00eb pran\u00eb Gjykat\u00ebs s\u00eb Shkall\u00ebs s\u00eb Par\u00eb Tiran\u00eb dhe punohet p\u00ebr kapjen e shtetasit E. P., 27 vje\u00e7, pasi n\u00eb rrug\u00ebn \u201cThoma Koxhaj\u201d, ka kanosur dhe goditur me sende t\u00eb forta shtetasin E. P.<\/p>\n\n\n\n<p>Materialet i kaluan Prokuroris\u00eb pran\u00eb Gjykat\u00ebs s\u00eb Shkall\u00ebs s\u00eb Par\u00eb Tiran\u00eb, p\u00ebr veprime t\u00eb m\u00ebtejshme.<\/p>\n","protected":false},"excerpt":{"rendered":"<p>Policia e Tiran\u00ebs ka arrestuar disa qytetar\u00eb, t\u00eb akuzuar p\u00ebr vepra t\u00eb ndryshme penale. N\u00eb prangat e policis\u00eb, ka r\u00ebn\u00eb 23-vje\u00e7ari, L. GJ., pasi gjat\u00eb kontrollit fizik t\u00eb ushtruar nga Forcat e Posa\u00e7me \u201cShqiponjat\u201d, iu gjet e iu sekuestrua sasi me l\u00ebnd\u00eb narkotike t\u00eb llojit kanabis. Gjithashtu, policia ka arrestuar nj\u00eb 26-vje\u00e7ar\u00eb n\u00eb Shkoz\u00eb, pasi &hellip;<\/p>\n","protected":false},"author":1,"featured_media":7857,"comment_status":"closed","ping_status":"closed","sticky":true,"template":"","format":"standard","meta":{"_jetpack_memberships_contains_paid_content":false,"footnotes":""},"categories":[4],"tags":[],"jetpack_sharing_enabled":true,"jetpack_featured_media_url":"https:\/\/voranews.al\/wp-content\/uploads\/2021\/04\/CFAA5ED0-880D-48DE-A65F-C1E4601682C6.jpeg","_links":{"self":[{"href":"https:\/\/voranews.al\/index.php?rest_route=\/wp\/v2\/posts\/7856"}],"collection":[{"href":"https:\/\/voranews.al\/index.php?rest_route=\/wp\/v2\/posts"}],"about":[{"href":"https:\/\/voranews.al\/index.php?rest_route=\/wp\/v2\/types\/post"}],"author":[{"embeddable":true,"href":"https:\/\/voranews.al\/index.php?rest_route=\/wp\/v2\/users\/1"}],"replies":[{"embeddable":true,"href":"https:\/\/voranews.al\/index.php?rest_route=%2Fwp%2Fv2%2Fcomments&post=7856"}],"version-history":[{"count":1,"href":"https:\/\/voranews.al\/index.php?rest_route=\/wp\/v2\/posts\/7856\/revisions"}],"predecessor-version":[{"id":7858,"href":"https:\/\/voranews.al\/index.php?rest_route=\/wp\/v2\/posts\/7856\/revisions\/7858"}],"wp:featuredmedia":[{"embeddable":true,"href":"https:\/\/voranews.al\/index.php?rest_route=\/wp\/v2\/media\/7857"}],"wp:attachment":[{"href":"https:\/\/voranews.al\/index.php?rest_route=%2Fwp%2Fv2%2Fmedia&parent=7856"}],"wp:term":[{"taxonomy":"category","embeddable":true,"href":"https:\/\/voranews.al\/index.php?rest_route=%2Fwp%2Fv2%2Fcategories&post=7856"},{"taxonomy":"post_tag","embeddable":true,"href":"https:\/\/voranews.al\/index.php?rest_route=%2Fwp%2Fv2%2Ftags&post=7856"}],"curies":[{"name":"wp","href":"https:\/\/api.w.org\/{rel}","templated":true}]}}