{"id":8035,"date":"2021-05-05T22:02:03","date_gmt":"2021-05-05T21:02:03","guid":{"rendered":"https:\/\/voranews.al\/?p=8035"},"modified":"2021-05-05T22:02:08","modified_gmt":"2021-05-05T21:02:08","slug":"hillary-clinton-del-kunder-biden-pasoja-te-renda-pas-terheqjes-se-trupave-nga-afganistani","status":"publish","type":"post","link":"https:\/\/voranews.al\/?p=8035","title":{"rendered":"Hillary Clinton del kund\u00ebr Biden: Pasoja t\u00eb r\u00ebnda pas t\u00ebrheqjes s\u00eb trupave nga Afganistani"},"content":{"rendered":"\n<p>Ish-sekretarja e Shtetit, Hilary Clinton paralajm\u00ebron p\u00ebr pasoja t\u00eb r\u00ebnda prej t\u00ebrheqjes s\u00eb trupave amerikane nga Afganistani. <\/p>\n\n\n\n<p>Ish-sekretarja e Shtetit tha p\u00ebr CNN se ekziston rreziku q\u00eb taliban\u00ebt t\u00eb rifitojn\u00eb kontrollin.<\/p>\n\n\n\n<p>SHBA-ja synon ta p\u00ebrfundoj\u00eb t\u00ebrheqjen n\u00eb nj\u00eb dat\u00eb simbolike, 11 shtator, por taliban\u00ebt e p\u00ebrmbysur nga pushteti n\u00eb 2001, pas pushtimit t\u00eb vendit nga forcat e udh\u00ebhequra prej amerikanet, kan\u00eb marr\u00eb zem\u00ebr s\u00eb fundi e kan\u00eb shtuar sulmet.<\/p>\n\n\n\n<p><em>\u201cEkzistojn\u00eb pasoja si t\u00eb parashikuara, ashtu edhe t\u00eb paq\u00ebllimshme t\u00eb q\u00ebndrimit por edhe t\u00eb largimit\u201d,<\/em>&nbsp;tha demokratja q\u00eb ashtu si Biden, ka qen\u00eb mb\u00ebshtet\u00ebse e nd\u00ebrhyrjes s\u00eb SHBA-s\u00eb n\u00eb Afganistan, pas sulmeve t\u00eb 11 shtatorit t\u00eb vitit 2001.<\/p>\n\n\n\n<p>Shefi i sht\u00ebpis\u00eb s\u00eb Bardh\u00eb pretendon se t\u00ebrheqja amerikane \u00ebsht\u00eb e justifikuar me faktin se forcat amerikane e kan\u00eb siguruar tashm\u00eb q\u00eb Afganistani t\u00eb mos jet\u00eb baz\u00eb p\u00ebr xhihadist\u00ebt e huaj, t\u00eb cil\u00ebt t\u00eb komplotojn\u00eb kund\u00ebr Per\u00ebndimit.<\/p>\n\n\n\n<p>Por e pyetur p\u00ebr vendimin e presidentit, Clinton ka th\u00ebn\u00eb se \u201cqeveria amerikane duhet t\u00eb fokusohet n\u00eb dy pasoja t\u00eb m\u00ebdha\u201d, duke p\u00ebrmendur rikthimin e aktiviteteve t\u00eb grupeve terroriste dhe rritjen e numrit t\u00eb refugjat\u00ebve nga Afganistani, teksa kujtoi se shembja e qeveris\u00eb afgane dhe mund\u00ebsia e marrjes s\u00eb pushtetit nga taliban\u00ebt mund t\u00eb rezultoj\u00eb n\u00eb nj\u00eb luft\u00eb t\u00eb re civile.<\/p>\n","protected":false},"excerpt":{"rendered":"<p>Ish-sekretarja e Shtetit, Hilary Clinton paralajm\u00ebron p\u00ebr pasoja t\u00eb r\u00ebnda prej t\u00ebrheqjes s\u00eb trupave amerikane nga Afganistani. Ish-sekretarja e Shtetit tha p\u00ebr CNN se ekziston rreziku q\u00eb taliban\u00ebt t\u00eb rifitojn\u00eb kontrollin. SHBA-ja synon ta p\u00ebrfundoj\u00eb t\u00ebrheqjen n\u00eb nj\u00eb dat\u00eb simbolike, 11 shtator, por taliban\u00ebt e p\u00ebrmbysur nga pushteti n\u00eb 2001, pas pushtimit t\u00eb vendit nga &hellip;<\/p>\n","protected":false},"author":1,"featured_media":8036,"comment_status":"closed","ping_status":"closed","sticky":true,"template":"","format":"standard","meta":{"_jetpack_memberships_contains_paid_content":false,"footnotes":""},"categories":[38],"tags":[],"jetpack_sharing_enabled":true,"jetpack_featured_media_url":"https:\/\/voranews.al\/wp-content\/uploads\/2021\/05\/B43BD72E-B6D8-4193-A5F3-0FD2D867C6E7.jpeg","_links":{"self":[{"href":"https:\/\/voranews.al\/index.php?rest_route=\/wp\/v2\/posts\/8035"}],"collection":[{"href":"https:\/\/voranews.al\/index.php?rest_route=\/wp\/v2\/posts"}],"about":[{"href":"https:\/\/voranews.al\/index.php?rest_route=\/wp\/v2\/types\/post"}],"author":[{"embeddable":true,"href":"https:\/\/voranews.al\/index.php?rest_route=\/wp\/v2\/users\/1"}],"replies":[{"embeddable":true,"href":"https:\/\/voranews.al\/index.php?rest_route=%2Fwp%2Fv2%2Fcomments&post=8035"}],"version-history":[{"count":1,"href":"https:\/\/voranews.al\/index.php?rest_route=\/wp\/v2\/posts\/8035\/revisions"}],"predecessor-version":[{"id":8037,"href":"https:\/\/voranews.al\/index.php?rest_route=\/wp\/v2\/posts\/8035\/revisions\/8037"}],"wp:featuredmedia":[{"embeddable":true,"href":"https:\/\/voranews.al\/index.php?rest_route=\/wp\/v2\/media\/8036"}],"wp:attachment":[{"href":"https:\/\/voranews.al\/index.php?rest_route=%2Fwp%2Fv2%2Fmedia&parent=8035"}],"wp:term":[{"taxonomy":"category","embeddable":true,"href":"https:\/\/voranews.al\/index.php?rest_route=%2Fwp%2Fv2%2Fcategories&post=8035"},{"taxonomy":"post_tag","embeddable":true,"href":"https:\/\/voranews.al\/index.php?rest_route=%2Fwp%2Fv2%2Ftags&post=8035"}],"curies":[{"name":"wp","href":"https:\/\/api.w.org\/{rel}","templated":true}]}}