{"id":8081,"date":"2021-05-08T07:47:27","date_gmt":"2021-05-08T06:47:27","guid":{"rendered":"https:\/\/voranews.al\/?p=8081"},"modified":"2021-05-08T07:47:33","modified_gmt":"2021-05-08T06:47:33","slug":"sot-dite-e-kthjellet-me-pak-vranesira","status":"publish","type":"post","link":"https:\/\/voranews.al\/?p=8081","title":{"rendered":"Sot dit\u00eb e kthjell\u00ebt me pak vran\u00ebsira"},"content":{"rendered":"\n<p><em><strong>Sipas MeteoAlb:<\/strong><\/em>\u00a0Deri ne oret e mesdites territori do te jete me kthjellime dhe vranesira<br>kalimtare te cilat do te krijojne mundesi per shira te paket ne Veri. POR oret vijuese do ti<br>bejne kthjellimet me te dukshme ne zonat perendimore.<\/p>\n\n\n\n<figure class=\"wp-block-gallery columns-1 is-cropped wp-block-gallery-1 is-layout-flex wp-block-gallery-is-layout-flex\"><ul class=\"blocks-gallery-grid\"><li class=\"blocks-gallery-item\"><figure><img loading=\"lazy\" decoding=\"async\" width=\"398\" height=\"500\" src=\"https:\/\/voranews.al\/wp-content\/uploads\/2021\/05\/4F4BF185-BFE2-400C-B100-4EFB77EC75C9-398x500.png\" alt=\"\" data-id=\"8082\" data-full-url=\"https:\/\/voranews.al\/wp-content\/uploads\/2021\/05\/4F4BF185-BFE2-400C-B100-4EFB77EC75C9.png\" data-link=\"https:\/\/voranews.al\/?attachment_id=8082\" class=\"wp-image-8082\" srcset=\"https:\/\/voranews.al\/wp-content\/uploads\/2021\/05\/4F4BF185-BFE2-400C-B100-4EFB77EC75C9-398x500.png 398w, https:\/\/voranews.al\/wp-content\/uploads\/2021\/05\/4F4BF185-BFE2-400C-B100-4EFB77EC75C9-239x300.png 239w, https:\/\/voranews.al\/wp-content\/uploads\/2021\/05\/4F4BF185-BFE2-400C-B100-4EFB77EC75C9.png 640w\" sizes=\"(max-width: 398px) 100vw, 398px\" \/><\/figure><\/li><\/ul><figcaption class=\"blocks-gallery-caption\">Temperaturat e ajrit do te ulen ne mengjes, POR MBETEM konstante ne mesdite duke<br>luhatur vlerat ditore nga 8\u00b0C deri n\u00eb 28\u00b0C.<br>Era do fryje e lehte ne toke dhe mesatare ne det me shpejtesi 45 km\/h nga drejtimi<br>Verior-Verilindor duke krijuar dallg\u00ebzim 4 balle.<\/figcaption><\/figure>\n","protected":false},"excerpt":{"rendered":"<p>Sipas MeteoAlb:\u00a0Deri ne oret e mesdites territori do te jete me kthjellime dhe vranesirakalimtare te cilat do te krijojne mundesi per shira te paket ne Veri. POR oret vijuese do tibejne kthjellimet me te dukshme ne zonat perendimore. Temperaturat e ajrit do te ulen ne mengjes, POR MBETEM konstante ne mesdite dukeluhatur vlerat ditore nga &hellip;<\/p>\n","protected":false},"author":1,"featured_media":8083,"comment_status":"closed","ping_status":"closed","sticky":true,"template":"","format":"standard","meta":{"_jetpack_memberships_contains_paid_content":false,"footnotes":""},"categories":[4],"tags":[],"jetpack_sharing_enabled":true,"jetpack_featured_media_url":"https:\/\/voranews.al\/wp-content\/uploads\/2021\/05\/D9741A98-C667-4DD5-A4E3-4A2179476487.png","_links":{"self":[{"href":"https:\/\/voranews.al\/index.php?rest_route=\/wp\/v2\/posts\/8081"}],"collection":[{"href":"https:\/\/voranews.al\/index.php?rest_route=\/wp\/v2\/posts"}],"about":[{"href":"https:\/\/voranews.al\/index.php?rest_route=\/wp\/v2\/types\/post"}],"author":[{"embeddable":true,"href":"https:\/\/voranews.al\/index.php?rest_route=\/wp\/v2\/users\/1"}],"replies":[{"embeddable":true,"href":"https:\/\/voranews.al\/index.php?rest_route=%2Fwp%2Fv2%2Fcomments&post=8081"}],"version-history":[{"count":1,"href":"https:\/\/voranews.al\/index.php?rest_route=\/wp\/v2\/posts\/8081\/revisions"}],"predecessor-version":[{"id":8084,"href":"https:\/\/voranews.al\/index.php?rest_route=\/wp\/v2\/posts\/8081\/revisions\/8084"}],"wp:featuredmedia":[{"embeddable":true,"href":"https:\/\/voranews.al\/index.php?rest_route=\/wp\/v2\/media\/8083"}],"wp:attachment":[{"href":"https:\/\/voranews.al\/index.php?rest_route=%2Fwp%2Fv2%2Fmedia&parent=8081"}],"wp:term":[{"taxonomy":"category","embeddable":true,"href":"https:\/\/voranews.al\/index.php?rest_route=%2Fwp%2Fv2%2Fcategories&post=8081"},{"taxonomy":"post_tag","embeddable":true,"href":"https:\/\/voranews.al\/index.php?rest_route=%2Fwp%2Fv2%2Ftags&post=8081"}],"curies":[{"name":"wp","href":"https:\/\/api.w.org\/{rel}","templated":true}]}}