{"id":8245,"date":"2021-05-12T08:58:50","date_gmt":"2021-05-12T07:58:50","guid":{"rendered":"https:\/\/voranews.al\/?p=8245"},"modified":"2021-05-12T08:58:56","modified_gmt":"2021-05-12T07:58:56","slug":"cfare-po-ndodh-fnsh-zbarkon-qe-ne-pike-te-mengjesit-ne-fushe-kruje-aksion-me-tre-furgone","status":"publish","type":"post","link":"https:\/\/voranews.al\/?p=8245","title":{"rendered":"\u00c7far\u00eb po ndodh? FNSH zbarkon q\u00eb n\u00eb \u2018pik\u00eb t\u00eb m\u00ebngjesit\u2019 n\u00eb Fush\u00eb Kruj\u00eb, aksion me tre furgon\u00eb"},"content":{"rendered":"\n<p>M\u00ebngjesin e sot\u00ebm Fush\u00eb-Kruja \u00ebsht\u00eb blinduar nga Forcat Renea dhe FNSH.<\/p>\n\n\n\n<p>K\u00ebto t\u00eb fundit m\u00ebsohet se jan\u00eb duke ushtruar kontrolle t\u00eb imt\u00ebsishme pasi dyshohet se aty fshihen autor\u00ebt e vrasajes s\u00eb Everest \u00c7ak\u00ebs.<\/p>\n\n\n\n<p>Forcat Speciale jan\u00eb duke ushtruar kontrolle, n\u00eb banesa dhe biznese t\u00eb ndryshme.<\/p>\n\n\n\n<p>Gjithashtu jan\u00eb ngritur edhe pika ndalimi n\u00eb akse t\u00eb shumta rrugore. K\u00ebto kontrolle jan\u00eb duke u kryer pasi n\u00eb k\u00ebt\u00eb zone dyshohet se jan\u00eb fshehur ator\u00ebt e vrasjes s\u00eb 41-vje\u00e7arit ne Elbasan mbr\u00ebmjen e djeshme.<\/p>\n\n\n\n<p>T\u00eb gjitha dyshimet e deritanishme jan\u00eb q\u00eb vrasja e \u00c7ak\u00ebs \u00ebsht\u00eb kryer nga vras\u00ebs me pages\u00eb, t\u00eb cil\u00ebt e dogj\u00ebn mjetin q\u00eb p\u00ebrdor\u00ebn n\u00eb krim n\u00eb af\u00ebrsi t\u00eb stacionit t\u00eb trenit n\u00eb Durr\u00ebs, dhe mund t\u00eb jen\u00eb larguar m\u00eb pas pik\u00ebrisht drejt zon\u00ebs s\u00eb Fush\u00eb Kruj\u00ebs.<\/p>\n","protected":false},"excerpt":{"rendered":"<p>M\u00ebngjesin e sot\u00ebm Fush\u00eb-Kruja \u00ebsht\u00eb blinduar nga Forcat Renea dhe FNSH. K\u00ebto t\u00eb fundit m\u00ebsohet se jan\u00eb duke ushtruar kontrolle t\u00eb imt\u00ebsishme pasi dyshohet se aty fshihen autor\u00ebt e vrasajes s\u00eb Everest \u00c7ak\u00ebs. Forcat Speciale jan\u00eb duke ushtruar kontrolle, n\u00eb banesa dhe biznese t\u00eb ndryshme. Gjithashtu jan\u00eb ngritur edhe pika ndalimi n\u00eb akse t\u00eb shumta &hellip;<\/p>\n","protected":false},"author":1,"featured_media":8246,"comment_status":"closed","ping_status":"closed","sticky":true,"template":"","format":"standard","meta":{"_jetpack_memberships_contains_paid_content":false,"footnotes":""},"categories":[4],"tags":[],"jetpack_sharing_enabled":true,"jetpack_featured_media_url":"https:\/\/voranews.al\/wp-content\/uploads\/2021\/05\/81F9C7FD-F421-474C-BB22-339C82E16922.png","_links":{"self":[{"href":"https:\/\/voranews.al\/index.php?rest_route=\/wp\/v2\/posts\/8245"}],"collection":[{"href":"https:\/\/voranews.al\/index.php?rest_route=\/wp\/v2\/posts"}],"about":[{"href":"https:\/\/voranews.al\/index.php?rest_route=\/wp\/v2\/types\/post"}],"author":[{"embeddable":true,"href":"https:\/\/voranews.al\/index.php?rest_route=\/wp\/v2\/users\/1"}],"replies":[{"embeddable":true,"href":"https:\/\/voranews.al\/index.php?rest_route=%2Fwp%2Fv2%2Fcomments&post=8245"}],"version-history":[{"count":1,"href":"https:\/\/voranews.al\/index.php?rest_route=\/wp\/v2\/posts\/8245\/revisions"}],"predecessor-version":[{"id":8247,"href":"https:\/\/voranews.al\/index.php?rest_route=\/wp\/v2\/posts\/8245\/revisions\/8247"}],"wp:featuredmedia":[{"embeddable":true,"href":"https:\/\/voranews.al\/index.php?rest_route=\/wp\/v2\/media\/8246"}],"wp:attachment":[{"href":"https:\/\/voranews.al\/index.php?rest_route=%2Fwp%2Fv2%2Fmedia&parent=8245"}],"wp:term":[{"taxonomy":"category","embeddable":true,"href":"https:\/\/voranews.al\/index.php?rest_route=%2Fwp%2Fv2%2Fcategories&post=8245"},{"taxonomy":"post_tag","embeddable":true,"href":"https:\/\/voranews.al\/index.php?rest_route=%2Fwp%2Fv2%2Ftags&post=8245"}],"curies":[{"name":"wp","href":"https:\/\/api.w.org\/{rel}","templated":true}]}}