{"id":9156,"date":"2021-06-20T13:42:36","date_gmt":"2021-06-20T12:42:36","guid":{"rendered":"https:\/\/voranews.al\/?p=9156"},"modified":"2021-06-20T13:42:42","modified_gmt":"2021-06-20T12:42:42","slug":"unioni-turistik-shqiptar-kerkon-heqjen-e-masave-kufizuese-te-covid-po-penalizohemi","status":"publish","type":"post","link":"https:\/\/voranews.al\/?p=9156","title":{"rendered":"Unioni Turistik Shqiptar k\u00ebrkon heqjen e masave kufizuese t\u00eb Covid: Po penalizohemi"},"content":{"rendered":"\n<p>P\u00ebrfaq\u00ebsuesit e sip\u00ebrmarrjeve private, n\u00ebn grupimin e Unionit Turistik Shqiptar, n\u00ebp\u00ebrmjet nj\u00eb letre drejtuar&nbsp; ministres s\u00eb Sh\u00ebndet\u00ebsis\u00eb, Ogerta Manastirliu, Mira Rakacolli \u2013 Drejtoresh\u00eb e Komitetit Teknik t\u00eb Ekspert\u00ebve dhe Blendi Klosi, Minist\u00ebr i Turizmit dhe Mjedisit, kan\u00eb k\u00ebrkuar ndryshim t\u00eb masave kufizuese t\u00eb covid-19. Sipas tyre k\u00ebto masa po i penalizojn\u00eb n\u00eb sezonin turistik dhe sh\u00ebrbimet p\u00ebr turist\u00ebt e huaj.<\/p>\n\n\n\n<p>Ata kan\u00eb dy k\u00ebrkes\u00eb, ku e para \u00ebsht\u00eb heqja e or\u00ebs policore pasi sipas tyre turist\u00ebt q\u00eb vijn\u00eb nga jasht\u00eb u q\u00ebllon q\u00eb t\u00eb udh\u00ebtojn\u00eb nat\u00ebn nga aeroporti i Rinasit dhe shpesh her\u00eb jan\u00eb penalizuar nga policia p\u00ebr shkak t\u00eb masave kufizuese t\u00eb covid-19.<\/p>\n\n\n\n<p>K\u00ebrkesa e dyt\u00eb e Unionit Turistik Shqiptar, lidhe me shtyrjen e or\u00ebs s\u00eb lejimit t\u00eb muzik\u00ebs. Ata k\u00ebrkojn\u00eb q\u00eb muzika t\u00eb lejohet deri n\u00eb mesnat\u00eb n\u00eb or\u00ebn 00:00 dhe jo si\u00e7 \u00ebsht\u00eb tani deri n\u00eb or\u00ebn 22:00.<\/p>\n","protected":false},"excerpt":{"rendered":"<p>P\u00ebrfaq\u00ebsuesit e sip\u00ebrmarrjeve private, n\u00ebn grupimin e Unionit Turistik Shqiptar, n\u00ebp\u00ebrmjet nj\u00eb letre drejtuar&nbsp; ministres s\u00eb Sh\u00ebndet\u00ebsis\u00eb, Ogerta Manastirliu, Mira Rakacolli \u2013 Drejtoresh\u00eb e Komitetit Teknik t\u00eb Ekspert\u00ebve dhe Blendi Klosi, Minist\u00ebr i Turizmit dhe Mjedisit, kan\u00eb k\u00ebrkuar ndryshim t\u00eb masave kufizuese t\u00eb covid-19. Sipas tyre k\u00ebto masa po i penalizojn\u00eb n\u00eb sezonin turistik dhe &hellip;<\/p>\n","protected":false},"author":1,"featured_media":9157,"comment_status":"closed","ping_status":"closed","sticky":true,"template":"","format":"standard","meta":{"_jetpack_memberships_contains_paid_content":false,"footnotes":""},"categories":[4],"tags":[],"jetpack_sharing_enabled":true,"jetpack_featured_media_url":"https:\/\/voranews.al\/wp-content\/uploads\/2021\/06\/5A2D9989-B055-4F74-BA97-84C0B5A8CB67.jpeg","_links":{"self":[{"href":"https:\/\/voranews.al\/index.php?rest_route=\/wp\/v2\/posts\/9156"}],"collection":[{"href":"https:\/\/voranews.al\/index.php?rest_route=\/wp\/v2\/posts"}],"about":[{"href":"https:\/\/voranews.al\/index.php?rest_route=\/wp\/v2\/types\/post"}],"author":[{"embeddable":true,"href":"https:\/\/voranews.al\/index.php?rest_route=\/wp\/v2\/users\/1"}],"replies":[{"embeddable":true,"href":"https:\/\/voranews.al\/index.php?rest_route=%2Fwp%2Fv2%2Fcomments&post=9156"}],"version-history":[{"count":1,"href":"https:\/\/voranews.al\/index.php?rest_route=\/wp\/v2\/posts\/9156\/revisions"}],"predecessor-version":[{"id":9158,"href":"https:\/\/voranews.al\/index.php?rest_route=\/wp\/v2\/posts\/9156\/revisions\/9158"}],"wp:featuredmedia":[{"embeddable":true,"href":"https:\/\/voranews.al\/index.php?rest_route=\/wp\/v2\/media\/9157"}],"wp:attachment":[{"href":"https:\/\/voranews.al\/index.php?rest_route=%2Fwp%2Fv2%2Fmedia&parent=9156"}],"wp:term":[{"taxonomy":"category","embeddable":true,"href":"https:\/\/voranews.al\/index.php?rest_route=%2Fwp%2Fv2%2Fcategories&post=9156"},{"taxonomy":"post_tag","embeddable":true,"href":"https:\/\/voranews.al\/index.php?rest_route=%2Fwp%2Fv2%2Ftags&post=9156"}],"curies":[{"name":"wp","href":"https:\/\/api.w.org\/{rel}","templated":true}]}}